{"id":3358,"date":"2016-07-19T10:00:26","date_gmt":"2016-07-19T10:00:26","guid":{"rendered":"https:\/\/carmenhernandez.org\/dies-natalis-carmen-hernandez\/"},"modified":"2023-03-03T09:37:56","modified_gmt":"2023-03-03T09:37:56","slug":"dies-natalis-carmen-hernandez","status":"publish","type":"post","link":"https:\/\/carmenhernandez.org\/de\/dies-natalis-carmen-hernandez\/","title":{"rendered":"Dies Natalis &#8211; Carmen Hernandez"},"content":{"rendered":"\n<div style=\"height:20px\" aria-hidden=\"true\" class=\"wp-block-spacer\"><\/div>\n\n<figure class=\"wp-block-image size-large hide-large-screen\"><img loading=\"lazy\" decoding=\"async\" width=\"1024\" height=\"683\" src=\"https:\/\/carmenhernandez.org\/wp-content\/uploads\/2021\/06\/carmen-hernandez-camino-neocatecumenal-tumba-seminario-redeptoris-mater-madrid-1024x683.jpg\" alt=\"Carmen Hernandez - Grab im Seminar RM Madrid\" class=\"wp-image-249\" srcset=\"https:\/\/carmenhernandez.org\/wp-content\/uploads\/2021\/06\/carmen-hernandez-camino-neocatecumenal-tumba-seminario-redeptoris-mater-madrid-1024x683.jpg 1024w, https:\/\/carmenhernandez.org\/wp-content\/uploads\/2021\/06\/carmen-hernandez-camino-neocatecumenal-tumba-seminario-redeptoris-mater-madrid-300x200.jpg 300w, https:\/\/carmenhernandez.org\/wp-content\/uploads\/2021\/06\/carmen-hernandez-camino-neocatecumenal-tumba-seminario-redeptoris-mater-madrid-768x512.jpg 768w, https:\/\/carmenhernandez.org\/wp-content\/uploads\/2021\/06\/carmen-hernandez-camino-neocatecumenal-tumba-seminario-redeptoris-mater-madrid.jpg 1500w\" sizes=\"auto, (max-width: 1024px) 100vw, 1024px\" \/><\/figure>\n\n<p>Liebe Br\u00fcder,<\/p>\n\n<p>ich \u00fcberbringe euch eine gro\u00dfe Nachricht: Heute, um 16:45 Uhr, ist unsere Schwester Carmen in den Himmel aufgefahren. Wir sind gewiss, dass unser Herr Jesus gekommen ist, um ihre Seele zu holen und mit Sich zu nehmen.<\/p>\n\n<p>W\u00e4hrend wir wegen ihrer Abwesenheit leiden, ich vor allem, freuen wir uns zu wissen, dass unser Herr Jesus sie mit Sich genommen hat.<\/p>\n\n<p>Carmen, was f\u00fcr eine enorme Hilfe f\u00fcr den Weg! Sie hat mir nie geschmeichelt, sie hat immer an das Wohl der Kirche gedacht! Was f\u00fcr eine starke Frau! Ich habe nie jemanden wie sie kennen gelernt. Bei den Verk\u00fcndigungen, mit den Jugendlichen und mit dem Papst, wie auch in Krakau, hat sie immer gesagt: \u201eDie Frau ist die wichtigste in der Kirche, weil sie in sich die Fabrik des Lebens tr\u00e4gt. Deswegen verfolgt der Teufel immer die Frau \u2013 von der ersten Seite der Genesis an bis zum Ende der Apokalypse.\u201c Und am Ende sagte sie: \u201eKiko, den schenke ich euch.\u201c<\/p>\n\n<p>Ich hoffe, dass ich bald sterbe und wieder mit ihr vereint werde. Carmen ist f\u00fcr mich ein wunderbares Ereignis gewesen; diese Frau, ihr gro\u00dfes Genie, ihr Charisma, ihre Liebe zum Papst und vor allem ihre Liebe zur Kirche.<\/p>\n\n<p>Gut, Br\u00fcder, meine Seele schmerzt, weil Carmen nicht mehr mit uns ist; aber der Glaube hilft mir und best\u00e4tigt mir, dass sie mit Christus ist. Betet f\u00fcr sie. Ihr k\u00f6nnt alle zusammen eine Messe zu ihrem Andenken feiern.<\/p>\n\n<p>Der Erzbischof von Madrid hat akzeptiert, dass die Beerdigung von Carmen <i>in corpore insepulto<\/i>, in Anwesenheit ihres K\u00f6rpers, in der Kathedrale gefeiert wird. Ihr Itineranten von Europa seid zur Beerdignug eingeladen, wenn ihr kommen k\u00f6nnt.<\/p>\n\n<p>Mut! Christus ist auferstanden und hat f\u00fcr uns den Tod besiegt!<\/p>\n\n<p>F\u00fcr mich ist es sehr bewegend gewesen, dass sie gewartet hat bis ich komme; ich hab ihr einen Kuss gegeben und gesagt: \u201eMut!\u201c Nachdem ich ihr einen Kuss gegeben habe, ist sie gestorben.<\/p>\n\n<p class=\"has-text-align-right\">19. Juli 2016<\/p>\n\n<p class=\"has-text-align-right\"><strong>Kiko Arg\u00fcello.<\/strong><\/p>\n\n<div style=\"height:20px\" aria-hidden=\"true\" class=\"wp-block-spacer\"><\/div>\n\n<hr class=\"wp-block-separator is-style-wide\" \/>\n","protected":false},"excerpt":{"rendered":"<p>Liebe Br\u00fcder, ich \u00fcberbringe euch eine gro\u00dfe Nachricht: Heute, um 16:45 Uhr, ist unsere Schwester Carmen in den Himmel aufgefahren. Wir sind gewiss, dass unser Herr Jesus gekommen ist, um ihre Seele zu holen und mit Sich zu nehmen. W\u00e4hrend wir wegen ihrer Abwesenheit leiden, ich vor allem, freuen wir<\/p>\n<div class=\"belowpost\"><a class=\"btnmore icon-arrow\" href=\"https:\/\/carmenhernandez.org\/de\/dies-natalis-carmen-hernandez\/\"><span>Read More<\/span><\/a><\/div>\n","protected":false},"author":3,"featured_media":490,"comment_status":"closed","ping_status":"open","sticky":false,"template":"","format":"standard","meta":{"footnotes":""},"categories":[13],"tags":[],"class_list":["post-3358","post","type-post","status-publish","format-standard","has-post-thumbnail","hentry","category-unkategorisiert"],"_links":{"self":[{"href":"https:\/\/carmenhernandez.org\/de\/wp-json\/wp\/v2\/posts\/3358","targetHints":{"allow":["GET"]}}],"collection":[{"href":"https:\/\/carmenhernandez.org\/de\/wp-json\/wp\/v2\/posts"}],"about":[{"href":"https:\/\/carmenhernandez.org\/de\/wp-json\/wp\/v2\/types\/post"}],"author":[{"embeddable":true,"href":"https:\/\/carmenhernandez.org\/de\/wp-json\/wp\/v2\/users\/3"}],"replies":[{"embeddable":true,"href":"https:\/\/carmenhernandez.org\/de\/wp-json\/wp\/v2\/comments?post=3358"}],"version-history":[{"count":3,"href":"https:\/\/carmenhernandez.org\/de\/wp-json\/wp\/v2\/posts\/3358\/revisions"}],"predecessor-version":[{"id":3361,"href":"https:\/\/carmenhernandez.org\/de\/wp-json\/wp\/v2\/posts\/3358\/revisions\/3361"}],"wp:featuredmedia":[{"embeddable":true,"href":"https:\/\/carmenhernandez.org\/de\/wp-json\/wp\/v2\/media\/490"}],"wp:attachment":[{"href":"https:\/\/carmenhernandez.org\/de\/wp-json\/wp\/v2\/media?parent=3358"}],"wp:term":[{"taxonomy":"category","embeddable":true,"href":"https:\/\/carmenhernandez.org\/de\/wp-json\/wp\/v2\/categories?post=3358"},{"taxonomy":"post_tag","embeddable":true,"href":"https:\/\/carmenhernandez.org\/de\/wp-json\/wp\/v2\/tags?post=3358"}],"curies":[{"name":"wp","href":"https:\/\/api.w.org\/{rel}","templated":true}]}}