{"id":3392,"date":"2021-07-19T16:46:56","date_gmt":"2021-07-19T16:46:56","guid":{"rendered":"https:\/\/carmenhernandez.org\/die-eroeffnung-des-seligsprechungsprozesses-von-carmen-hernandez-wird-foermlich-beantragt\/"},"modified":"2024-03-07T20:59:07","modified_gmt":"2024-03-07T20:59:07","slug":"die-eroeffnung-des-seligsprechungsprozesses-von-carmen-hernandez-wird-foermlich-beantragt","status":"publish","type":"post","link":"https:\/\/carmenhernandez.org\/de\/die-eroeffnung-des-seligsprechungsprozesses-von-carmen-hernandez-wird-foermlich-beantragt\/","title":{"rendered":"Die Er\u00f6ffnung des Seligsprechungsprozesses von Carmen Hernandez wird f\u00f6rmlich beantragt"},"content":{"rendered":"\n<div style=\"height:20px\" aria-hidden=\"true\" class=\"wp-block-spacer\"><\/div>\n\n<figure class=\"wp-block-image size-full hide-large-screen\"><img loading=\"lazy\" decoding=\"async\" width=\"799\" height=\"533\" src=\"https:\/\/carmenhernandez.org\/wp-content\/uploads\/2021\/07\/celebracion-apertura-causa-carmen-hernandez-catedral-madrid.jpg\" alt=\"\" class=\"wp-image-285\" srcset=\"https:\/\/carmenhernandez.org\/wp-content\/uploads\/2021\/07\/celebracion-apertura-causa-carmen-hernandez-catedral-madrid.jpg 799w, https:\/\/carmenhernandez.org\/wp-content\/uploads\/2021\/07\/celebracion-apertura-causa-carmen-hernandez-catedral-madrid-300x200.jpg 300w, https:\/\/carmenhernandez.org\/wp-content\/uploads\/2021\/07\/celebracion-apertura-causa-carmen-hernandez-catedral-madrid-768x512.jpg 768w\" sizes=\"auto, (max-width: 799px) 100vw, 799px\" \/><\/figure>\n\n<p>Es sind nun f\u00fcnf Jahre vergangen seit dem Tod der Mitbegr\u00fcnderin des Neokatechumenalen Weges zusammen mit Kiko Arg\u00fcello, Carmen Hernandez.<\/p>\n\n<p>In einer Eucharistie, der der Erzbischof von Madrid, Kard. Carlos Osoro, vorgestanden hat, <strong>wurde f\u00f6rmlich die Er\u00f6ffnung des Seligsprechungsverfahrens dieser au\u00dferordentlichen Frau beantragt, die die j\u00fcngere Geschichte der Kirche gekennzeichnet hat.<\/strong><\/p>\n\n<p>An der Feier haben hunderte Mitglieder des Neokatechumenalen Weges teilgenommen, vor allem aus den Gemeinschaften von Madrid, sowie zahlreiche Priester.<\/p>\n\n<p><strong>Am Ende der Feier hat Carlos Metola, Postulator des Prozesses, dem Kardinal Osoro den f\u00f6rmlichen Antrag \u00fcberreicht, den \u201eSupplex Libellus\u201c, nachdem \u00fcber 16 000 Seiten gesammelt worden waren, die die 70 B\u00e4nder mit den pers\u00f6nlichen Schriften und Katechesen von Carmen Hernandez bilden, sowie weitere Daten, die nach ihrem Tod \u00fcbernommen worden sind.<\/strong><\/p>\n\n<p>In der Homilie hat Kardinal Osoro betont, dass Carmen Hernandez \u201ef\u00e4hig war, Jesus Christus zu verk\u00fcnden und dabei <strong>Horizonte der Freude und Hoffnung zu \u00f6ffnen<\/strong>, die barmherzige Liebe Gottes zu zeigen, zu schenken und mitzuteilen, und das neue Leben zu zeigen, das mit Christus erscheint.\u201c<\/p>\n\n<p>\u201eWir erfahren heute in dieser Liturgie, die wir f\u00fcr die ewige Ruhe von Carmen darbringen, dass es notwendig ist, zu allen Menschen zu gehen mit unserer Armut, aber voll vom Reichtum des Auferstandenen. Das ist die Erfahrung, die Carmen in ihrem Leben gehabt hat.\u201c<\/p>\n\n<p>Es wurde auch eine <strong>Notiz des Gr\u00fcnders des Neokatechumenalen Weges, Kiko Arg\u00fcello<\/strong>, vorgelesen, der sagt: \u201eWir glauben, dass Carmen mit dem Herrn ist, sie ist schon beim Fest. Eine au\u00dferordentliche Frau, wirklich, mit einer enormen Gro\u00dfz\u00fcgigkeit. <strong>Eine sehr wichtige Frau f\u00fcr die Kirche! Sie war in ihrem Leben immer verliebt in Christus.<\/strong> Wenn ihr ihre Tageb\u00fccher lest, ist alles, was sie sagt: \u201eJesus, ich liebe dich, ich liebe dich!\u201c Auf jeder Seite: \u201eIch liebe dich, ich liebe dich!\u201c Christus zu lieben, ist die einzige Wahrheit: \u201eLiebe Christus und sie werden dir zu Tausenden folgen\u201c, sagen die V\u00e4ter der W\u00fcste. Ich dachte, sie folgen mir, aber ich entdecke, dass tausende Br\u00fcder auf dem Weg sind dank Carmen und dank der Liebe, die Carmen zu Christus hatte.<\/p>\n\n<p>Am Ende dieses Textes bittet der Gr\u00fcnder und Verantwortliche des Weges \u201eCarlos Metola als Postulator der di\u00f6zesanen Phase, dass er gegen\u00fcber dem Kardinal von Madrid, D. Carlos Osoro, <strong>alle n\u00f6tigen Handlungen<\/strong> vollziehe, um ihn zu bitten, dass man mit dem Seligsprechungsverfahren beginnen kann.<\/p>\n\n<p><strong>Die erste offizielle Biografie von Carmen Hernandez wird ver\u00f6ffentlicht<\/strong><\/p>\n\n<p>Der f\u00fcnfte Todestag von Carmen Hernandez <strong>f\u00e4llt mit der Ver\u00f6ffentlichung ihrer ersten offiziellen Biografie zusammen<\/strong>, deren Autor der Professor und Doktor f\u00fcr Philosophie, Aquilino Cayuela, ist und die in der <a href=\"http:\/\/bac-editorial.es\/es\/\">Biblioteca de Autores Cristianos (BAC)<\/a> (Bibliothek f\u00fcr christliche Autoren) herausgegeben wurde.<\/p>\n\n<p>Nach dem Tod von Carmen Hernandez Barrera am 19. Juli 2016, gegen\u00fcber den <strong>mehr als 1500<\/strong> Gnaden und <strong>Gunsterweise, die auf ihre F\u00fcrsprache hin erhalten worden waren, und den \u00fcber 40 000 Besichtigungen ihres Grabes<\/strong>, hat man gedacht, dass es notwendig sei, dokumentierte Informationen \u00fcber ihr Leben und \u00fcber ihren Beitrag zur Entstehung und globalen Verbreitung des Neokatechumenalen Weges zu erhalten.<\/p>\n\n<p><strong>Die Vorstellung der Biografie wurde dem Kardinal Rouco Varela anvertraut<\/strong>, der sie pers\u00f6nlich kannte und Zeuge war ihrer evangelisierenden Aktivit\u00e4t. \u201eCarmen und die Geschichte ihres Lebens verdienten sicherlich eine Biografie, mit der schriftlich festgehalten bleibt und in der Wissenschaft der Kirchengeschichte gut verankert wird, was f\u00fcr die Kirche des Zweiten Vatikanischen Konzils der menschliche, geistige und apostolische Werdegang einer Frau bedeutet hat, die sich Christus und der Kirche geschenkt hat, indem sie die Liebe seiner Mutter nachgeahmt und angenommen hat \u2013 die Liebe Christi und der Kirche \u2013 bis hin zur Hingabe ihres Lebens f\u00fcr ihn; sie hatte sich seiner Liebe geweiht f\u00fcr die Evangelisierung des Menschen unserer Zeit \u2013 der Post-Moderne \u2013, der so gro\u00dfen Hunger und Durst nach der Gnade Gottes hat. Diese sehr wohl verdiente Biografie finden wir in diesem Buch wieder.\u201c<\/p>\n\n<p><strong>Das Buch durchstreift die verschiedenen Etappen des Lebens von Carmen Hernandez<\/strong>, sowie ihre wissenschaftliche, theologische, biblische, ekklesiologische und liturgische Ausbildung. Der Text vertieft mit Respekt und Diskretion die Intimit\u00e4t dieser Frau, um eine vollst\u00e4ndige und chronologische biografische Rekonstruktion ihres Lebenslaufs zu bieten.<\/p>\n\n<p>Das Vorwort stammt von Kiko, der schreibt: \u201eIn diesen biografischen Notizen werdet ihr eine au\u00dfergew\u00f6hnliche Frau vorfinden, sehr wichtig f\u00fcr die Kirche, verliebt in Christus, in die Schriften und in die Eucharistie. <strong>Sie war sich bewusst, dass die Mission, die Gott ihr gegeben hatte, war, mich zu unterst\u00fctzen, zu verteidigen und zu korrigieren, zum Wohl des Neokatechumenalen Weges.<\/strong> Ich danke Gott f\u00fcr Carmen, die mir immer die Wahrheit gesagt hat, st\u00e4ndig. Sie war eine tiefgr\u00fcndige Frau, authentisch und frei in ihren Beziehungen zu allen. Sie liebte Christus und die Kirche; und den Papst, \u00fcber alles andere.\u201c<\/p>\n\n<p>Es handelt sich also um <strong>ein Werk, das gro\u00dfen Wert f\u00fcr die Kirche hat<\/strong>; ein Werk, das dazu bestimmt ist, die erste gut dokumentierte Biografie einer der einflussreichsten spanischen Frauen in der Katholischen Kirche zu sein, die aus dem Zweiten Vatikanischen Konzil hervorgekommen ist.<\/p>\n\n<div style=\"height:20px\" aria-hidden=\"true\" class=\"wp-block-spacer\"><\/div>\n\n<hr class=\"wp-block-separator is-style-wide\" \/>\n","protected":false},"excerpt":{"rendered":"<p>Es sind nun f\u00fcnf Jahre vergangen seit dem Tod der Mitbegr\u00fcnderin des Neokatechumenalen Weges zusammen mit Kiko Arg\u00fcello, Carmen Hernandez. In einer Eucharistie, der der Erzbischof von Madrid, Kard. Carlos Osoro, vorgestanden hat, wurde f\u00f6rmlich die Er\u00f6ffnung des Seligsprechungsverfahrens dieser au\u00dferordentlichen Frau beantragt, die die j\u00fcngere Geschichte der Kirche gekennzeichnet<\/p>\n<div class=\"belowpost\"><a class=\"btnmore icon-arrow\" href=\"https:\/\/carmenhernandez.org\/de\/die-eroeffnung-des-seligsprechungsprozesses-von-carmen-hernandez-wird-foermlich-beantragt\/\"><span>Read More<\/span><\/a><\/div>\n","protected":false},"author":3,"featured_media":411,"comment_status":"closed","ping_status":"open","sticky":false,"template":"","format":"standard","meta":{"footnotes":""},"categories":[13],"tags":[],"class_list":["post-3392","post","type-post","status-publish","format-standard","has-post-thumbnail","hentry","category-unkategorisiert"],"_links":{"self":[{"href":"https:\/\/carmenhernandez.org\/de\/wp-json\/wp\/v2\/posts\/3392","targetHints":{"allow":["GET"]}}],"collection":[{"href":"https:\/\/carmenhernandez.org\/de\/wp-json\/wp\/v2\/posts"}],"about":[{"href":"https:\/\/carmenhernandez.org\/de\/wp-json\/wp\/v2\/types\/post"}],"author":[{"embeddable":true,"href":"https:\/\/carmenhernandez.org\/de\/wp-json\/wp\/v2\/users\/3"}],"replies":[{"embeddable":true,"href":"https:\/\/carmenhernandez.org\/de\/wp-json\/wp\/v2\/comments?post=3392"}],"version-history":[{"count":5,"href":"https:\/\/carmenhernandez.org\/de\/wp-json\/wp\/v2\/posts\/3392\/revisions"}],"predecessor-version":[{"id":4858,"href":"https:\/\/carmenhernandez.org\/de\/wp-json\/wp\/v2\/posts\/3392\/revisions\/4858"}],"wp:featuredmedia":[{"embeddable":true,"href":"https:\/\/carmenhernandez.org\/de\/wp-json\/wp\/v2\/media\/411"}],"wp:attachment":[{"href":"https:\/\/carmenhernandez.org\/de\/wp-json\/wp\/v2\/media?parent=3392"}],"wp:term":[{"taxonomy":"category","embeddable":true,"href":"https:\/\/carmenhernandez.org\/de\/wp-json\/wp\/v2\/categories?post=3392"},{"taxonomy":"post_tag","embeddable":true,"href":"https:\/\/carmenhernandez.org\/de\/wp-json\/wp\/v2\/tags?post=3392"}],"curies":[{"name":"wp","href":"https:\/\/api.w.org\/{rel}","templated":true}]}}