{"id":3404,"date":"2022-04-13T20:21:08","date_gmt":"2022-04-13T20:21:08","guid":{"rendered":"https:\/\/carmenhernandez.org\/carmen-hernandez-soria-und-navarra\/"},"modified":"2023-03-16T21:18:39","modified_gmt":"2023-03-16T21:18:39","slug":"carmen-hernandez-soria-und-navarra","status":"publish","type":"post","link":"https:\/\/carmenhernandez.org\/de\/carmen-hernandez-soria-und-navarra\/","title":{"rendered":"Carmen Hernandez &#8211; Soria und Navarra"},"content":{"rendered":"<div class=\"wp-block-image hide-large-screen\">\n<figure class=\"aligncenter size-large\"><img loading=\"lazy\" decoding=\"async\" width=\"1024\" height=\"706\" src=\"https:\/\/carmenhernandez.org\/wp-content\/uploads\/2022\/04\/carmen-hernandez-camino-neocatecumenal-israel-1-1024x706.jpg\" alt=\"\" class=\"wp-image-2246\" srcset=\"https:\/\/carmenhernandez.org\/wp-content\/uploads\/2022\/04\/carmen-hernandez-camino-neocatecumenal-israel-1-1024x706.jpg 1024w, https:\/\/carmenhernandez.org\/wp-content\/uploads\/2022\/04\/carmen-hernandez-camino-neocatecumenal-israel-1-300x207.jpg 300w, https:\/\/carmenhernandez.org\/wp-content\/uploads\/2022\/04\/carmen-hernandez-camino-neocatecumenal-israel-1-768x529.jpg 768w, https:\/\/carmenhernandez.org\/wp-content\/uploads\/2022\/04\/carmen-hernandez-camino-neocatecumenal-israel-1.jpg 1451w\" sizes=\"auto, (max-width: 1024px) 100vw, 1024px\" \/><\/figure>\n<\/div>\n<div style=\"height:30px\" aria-hidden=\"true\" class=\"wp-block-spacer\"><\/div>\n\n<h4 class=\"has-text-align-center wp-block-heading\"><strong>OLVEGA<\/strong><\/h4>\n\n<hr class=\"wp-block-separator has-css-opacity\" \/>\n\n<p>Carmen wurde in Olvega geboren, in der N\u00e4he von Soria, in den Scho\u00df einer Gro\u00dffamilie. Ihre Eltern hie\u00dfen Antonio und Clementa und sie war die f\u00fcnfte von neun Geschwistern. Ihr Familienhaus befand sich auf dem Platz \u201ede Espana\u201c im Dorf. Sie wurde am 28. November 1930 in der Pfarrei \u201eSanta Maria Maggiore\u201c in Olvega getauft, \u00fcber einem kleinen Taufst\u00e4nder, der heute noch erhalten ist.<\/p>\n\n<div style=\"height:20px\" aria-hidden=\"true\" class=\"wp-block-spacer\"><\/div>\n<div class=\"wp-block-image\">\n<figure class=\"aligncenter size-full\"><img loading=\"lazy\" decoding=\"async\" width=\"262\" height=\"295\" src=\"https:\/\/carmenhernandez.org\/wp-content\/uploads\/2022\/04\/carmen-hernandez-camino-neocatecumenal-casa-natal.jpg\" alt=\"\" class=\"wp-image-2263\" \/><figcaption>Geburtshaus von Carmen<\/figcaption><\/figure>\n<\/div>\n<div style=\"height:30px\" aria-hidden=\"true\" class=\"wp-block-spacer\"><\/div>\n\n<h4 class=\"has-text-align-center wp-block-heading\"><strong>TUDELA<\/strong><\/h4>\n\n<hr class=\"wp-block-separator has-css-opacity\" \/>\n<div class=\"wp-block-image\">\n<figure class=\"alignleft size-full\"><img loading=\"lazy\" decoding=\"async\" width=\"211\" height=\"176\" src=\"https:\/\/carmenhernandez.org\/wp-content\/uploads\/2022\/04\/carmen-hernandez-camino-neocatecumenal-puerta-juicio-catedral-tudela.jpg\" alt=\"\" class=\"wp-image-2279\" \/><figcaption>Tor des Gerichts. Kathedrale in Tudela (Spanien)<\/figcaption><\/figure>\n<\/div>\n<p>Ihre Familie zog ziemlich fr\u00fch nach Tudela um, weshalb Carmen ihre Kindheit in Tudela verbrachte bis sie 15 Jahre alt war. Sie studierte am Kolleg der Gesellschaft Mariens. Viele jesuitische Missionare besuchten f\u00fcr gew\u00f6hnlich dieses Kolleg, wenn sie in Tudela vorbeikamen, und erz\u00e4hlten von den Missionen im Osten. Diese Zeugnisse erweckten in Carmen den Wunsch, Missionarin zu sein.<\/p>\n\n<p>Wenn Carmen zum Kolleg ging, war sie es gewohnt, in die Kathedrale \u201eSanta Maria\u201c zu gehen, um das Allerheiligste zu besuchen; sie ging durch die eine T\u00fcr hinein und durch eine andere wieder hinaus und betete jeden Tag in der Kapelle des Heiligen Geistes. Sie selbst erz\u00e4hlt, dass sie in dieser Kapelle den Ruf zur Mission sp\u00fcrte, als sie zum ersten Mal auf Spanisch das Evangelium des wundersamen Fischfangs h\u00f6rte.<\/p>\n\n<div style=\"height:30px\" aria-hidden=\"true\" class=\"wp-block-spacer\"><\/div>\n\n<h4 class=\"has-text-align-center wp-block-heading\"><strong>JAVIER<\/strong><\/h4>\n\n<hr class=\"wp-block-separator has-css-opacity\" \/>\n\n<p>Das Schloss von Javier ist der Geburtsort des Hl. Franz Xaver, allgemeiner Schutzpatron der Missionen. Mit 18 Jahren verlie\u00df er sein Haus und kehrte nie mehr zur\u00fcck. Mitgerissen von seinem Eifer zu evangelisieren, ging er in den fernen Orient, nach Indien, Japan und in andere Orte und starb an den Toren Chinas, auf der Insel Sancian. Carmen sagte in ihrem brennenden Eifer f\u00fcr die Mission: &#8222;<em>Ich habe den Hl. Franz Xaver vor den Hl. Paulus kennen gelernt.<\/em>&#8220; So bekehrten sich der Hl. Franz Xaver und das Land Indien nach ihrem missionarischen Ideal.<\/p>\n\n<div style=\"height:20px\" aria-hidden=\"true\" class=\"wp-block-spacer\"><\/div>\n<div class=\"wp-block-image\">\n<figure class=\"aligncenter size-full\"><img loading=\"lazy\" decoding=\"async\" width=\"279\" height=\"157\" src=\"https:\/\/carmenhernandez.org\/wp-content\/uploads\/2022\/04\/carmen-hernandez-camino-neocatecumenal-castillo-javier-navarra.jpg\" alt=\"\" class=\"wp-image-2295\" \/><figcaption>Schloss von Javier, Navarra (Spanien)<\/figcaption><\/figure>\n<\/div>\n<p>An diesem Ort trat Carmen in das Institut der Missionarinnen Christi Jesu ein, eine spanische Stiftung, die vom Bischof D. Marcelino Olaechea und vom missionarischen Jesuiten Pater Domenzain unterst\u00fctzt wurde. Das Ausbildungshaus dieses Insituts war in einem Geb\u00e4ude in der N\u00e4he des Schlosses. Carmen trat im Jahre 1954 ein und beendete dort das Noviziat. Sie blieb in diesem Institut 8 Jahre lang, bis der Herr ihr zeigte, dass sein Wille f\u00fcr ihr Leben ein anderer war. Nach einer Reise ins Heilige Land 1963-64, nachdem sie nach Madrid zur\u00fcckgekehrt war, begann sie mit Kiko Arg\u00fcello das, was man sp\u00e4ter als den Neokatechumenalen Weg kennen w\u00fcrde, den die Kirche offiziell als ein \u201eItinerarium der katholischen Bildung g\u00fcltig f\u00fcr die Gesellschaft und f\u00fcr die heutigen Zeiten\u201c anerkannt hat.<\/p>\n\n<div style=\"height:30px\" aria-hidden=\"true\" class=\"wp-block-spacer\"><\/div>\n\n<h4 class=\"has-text-align-center wp-block-heading\"><strong>DER L\u00c4CHELNDE CHRISTUS IM SCHLOSS VON JAVIER<\/strong><\/h4>\n\n<hr class=\"wp-block-separator has-css-opacity\" \/>\n<div class=\"wp-block-image\">\n<figure class=\"alignright size-full\"><img loading=\"lazy\" decoding=\"async\" width=\"275\" height=\"144\" src=\"https:\/\/carmenhernandez.org\/wp-content\/uploads\/2022\/04\/carmen-hernandez-camino-neocatecumenal-cristo-sonriente-javier-navarra.jpg\" alt=\"\" class=\"wp-image-2311\" \/><figcaption><em>\u201eWer nicht vor dem Christus von Javier gebetet hat, wei\u00df nicht, was beten bedeutet.\u201c<\/em> (Carmen)<\/figcaption><\/figure>\n<\/div>\n<p>Im Oratorium des Schlosses von Javier gibt es eine romanische Skulptur aus Holz des gekreuzigten Christus, die bekannt ist als \u201eder l\u00e4chelnde Christus\u201c, mit geneigtem Haupt auf seine rechte Schulter. Auf seinen Lippen erscheint ein z\u00e4rtliches und liebevolles L\u00e4cheln. Carmen wurde beim Gebet vor diesem Christus innerlich ber\u00fchrt, der so liebevoll l\u00e4chelt.<\/p>\n\n<div style=\"height:30px\" aria-hidden=\"true\" class=\"wp-block-spacer\"><\/div>\n<div class=\"wp-block-image\">\n<figure class=\"aligncenter size-full\"><a href=\"https:\/\/carmenhernandez.org\/wp-content\/uploads\/docs\/triptico-carmen-hernandez-soria-navarra.pdf\" target=\"_blank\" rel=\"noopener\"><img loading=\"lazy\" decoding=\"async\" width=\"128\" height=\"128\" src=\"https:\/\/carmenhernandez.org\/wp-content\/uploads\/2021\/11\/icopdf.png\" alt=\"Carmen Hernandez PDF file download icon\" class=\"wp-image-1293\" \/><\/a><figcaption>Faltblatt: Soria und Navarra<\/figcaption><\/figure>\n<\/div>\n<h6 class=\"has-text-align-center wp-block-heading\"><a href=\"https:\/\/carmenhernandez.org\/de\/kontakt\/\" data-type=\"page\" data-id=\"162\">KONTAKT<\/a><\/h6>\n\n<hr class=\"wp-block-separator has-alpha-channel-opacity\" \/>\n","protected":false},"excerpt":{"rendered":"<p>OLVEGA Carmen wurde in Olvega geboren, in der N\u00e4he von Soria, in den Scho\u00df einer Gro\u00dffamilie. Ihre Eltern hie\u00dfen Antonio und Clementa und sie war die f\u00fcnfte von neun Geschwistern. Ihr Familienhaus befand sich auf dem Platz \u201ede Espana\u201c im Dorf. Sie wurde am 28. November 1930 in der Pfarrei<\/p>\n<div class=\"belowpost\"><a class=\"btnmore icon-arrow\" href=\"https:\/\/carmenhernandez.org\/de\/carmen-hernandez-soria-und-navarra\/\"><span>Read More<\/span><\/a><\/div>\n","protected":false},"author":3,"featured_media":2253,"comment_status":"closed","ping_status":"open","sticky":false,"template":"","format":"standard","meta":{"footnotes":""},"categories":[13,142],"tags":[],"class_list":["post-3404","post","type-post","status-publish","format-standard","has-post-thumbnail","hentry","category-unkategorisiert","category-wallfahrten"],"_links":{"self":[{"href":"https:\/\/carmenhernandez.org\/de\/wp-json\/wp\/v2\/posts\/3404","targetHints":{"allow":["GET"]}}],"collection":[{"href":"https:\/\/carmenhernandez.org\/de\/wp-json\/wp\/v2\/posts"}],"about":[{"href":"https:\/\/carmenhernandez.org\/de\/wp-json\/wp\/v2\/types\/post"}],"author":[{"embeddable":true,"href":"https:\/\/carmenhernandez.org\/de\/wp-json\/wp\/v2\/users\/3"}],"replies":[{"embeddable":true,"href":"https:\/\/carmenhernandez.org\/de\/wp-json\/wp\/v2\/comments?post=3404"}],"version-history":[{"count":5,"href":"https:\/\/carmenhernandez.org\/de\/wp-json\/wp\/v2\/posts\/3404\/revisions"}],"predecessor-version":[{"id":3492,"href":"https:\/\/carmenhernandez.org\/de\/wp-json\/wp\/v2\/posts\/3404\/revisions\/3492"}],"wp:featuredmedia":[{"embeddable":true,"href":"https:\/\/carmenhernandez.org\/de\/wp-json\/wp\/v2\/media\/2253"}],"wp:attachment":[{"href":"https:\/\/carmenhernandez.org\/de\/wp-json\/wp\/v2\/media?parent=3404"}],"wp:term":[{"taxonomy":"category","embeddable":true,"href":"https:\/\/carmenhernandez.org\/de\/wp-json\/wp\/v2\/categories?post=3404"},{"taxonomy":"post_tag","embeddable":true,"href":"https:\/\/carmenhernandez.org\/de\/wp-json\/wp\/v2\/tags?post=3404"}],"curies":[{"name":"wp","href":"https:\/\/api.w.org\/{rel}","templated":true}]}}