{"id":3493,"date":"2022-07-18T20:23:36","date_gmt":"2022-07-18T20:23:36","guid":{"rendered":"https:\/\/carmenhernandez.org\/sechster-gedenktag-des-dies-natalis-von-carmen-hernandez\/"},"modified":"2023-03-16T21:50:31","modified_gmt":"2023-03-16T21:50:31","slug":"sechster-gedenktag-des-dies-natalis-von-carmen-hernandez","status":"publish","type":"post","link":"https:\/\/carmenhernandez.org\/de\/sechster-gedenktag-des-dies-natalis-von-carmen-hernandez\/","title":{"rendered":"Sechster Gedenktag des \u201edies natalis\u201d von Carmen Hernandez"},"content":{"rendered":"<div class=\"wp-block-image hide-large-screen\">\n<figure class=\"aligncenter size-large\"><img loading=\"lazy\" decoding=\"async\" width=\"1024\" height=\"706\" src=\"https:\/\/carmenhernandez.org\/wp-content\/uploads\/2022\/07\/carmen-hernandez-camino-neocatecumenal-1970-4-1024x706.jpg\" alt=\"Neokatechumenaler Weg - Carmen Hernandez - 1970\" class=\"wp-image-2581\" srcset=\"https:\/\/carmenhernandez.org\/wp-content\/uploads\/2022\/07\/carmen-hernandez-camino-neocatecumenal-1970-4-1024x706.jpg 1024w, https:\/\/carmenhernandez.org\/wp-content\/uploads\/2022\/07\/carmen-hernandez-camino-neocatecumenal-1970-4-300x207.jpg 300w, https:\/\/carmenhernandez.org\/wp-content\/uploads\/2022\/07\/carmen-hernandez-camino-neocatecumenal-1970-4-768x530.jpg 768w, https:\/\/carmenhernandez.org\/wp-content\/uploads\/2022\/07\/carmen-hernandez-camino-neocatecumenal-1970-4.jpg 1450w\" sizes=\"auto, (max-width: 1024px) 100vw, 1024px\" \/><\/figure>\n<\/div>\n<h5 class=\"has-text-align-center wp-block-heading\">Carmen Hernandez: \u201eDie Notwendigkeit des Gebets in der Lehre von Pius XII\u201c<\/h5>\n\n<p>Anl\u00e4sslich des sechsten Gedenktages des Todes von Carmen Hernandez hat der Verlag Desclee de Brouwer k\u00fcrzlich ein Buch ver\u00f6ffentlicht mit der Abschlussarbeit, die Carmen am Ende ihres Studiums der Religionswissenschaften in Valencia 1960 geschrieben hat mit dem Titel: <strong>\u201eDie Notwendigkeit des Gebets in der Lehre von Pius XII\u201c<\/strong>.<\/p>\n\n<p>In diesem Buch, das ein Vorwort von Mario Pezzi und eine geschichtliche sowie eine theologische Einf\u00fchrung enth\u00e4lt, wird die Forschung von Carmen dargestellt \u00fcber die \u201eNotwendigkeit, ununterbrochen zu beten\u201c, die jeder Christ hat, um jeden Moment seines Lebens verbunden mit dem Herrn zu leben.<\/p>\n\n<p>Ein Thema, das in unserer Zeit durch die soziale Instabilit\u00e4t besonders aktuell ist, aufgrund der Covid-Pandemie und der Konsequenzen durch den Krieg zwischen Russland und der Ukraine.<\/p>\n\n<p>Indem sie an die Worte des Papstes Pius XII erinnert, unterstreicht sie:<\/p>\n\n<p>\u201e<em>Bem\u00fcht euch darum, dass euer Gebet nicht nur an einigen Momenten des Tages stattfindet oder an einigen Minuten der Woche. Ihr wisst aus Erfahrung, dass keine Besch\u00e4ftigung, keine Arbeit oder M\u00fche den Rhythmus eurer Atmung unterbricht; auch im Schlaf atmet man weiter, und wehe, wenn es nicht so w\u00e4re! Und warum sollte dies nicht auch mit der Atmung der Seele geschehen, die das Gebet ist?<\/em>\u201c<\/p>\n\n<hr class=\"wp-block-separator has-alpha-channel-opacity\" \/>\n\n<h4 class=\"has-text-align-center wp-block-heading\"><a href=\"https:\/\/alfayomega.es\/la-tesina-de-carmen-sobre-pio-xii\/\" target=\"_blank\" rel=\"noreferrer noopener\">Artikel bei &#8222;Alfa &amp; Omega&#8220;<\/a><\/h4>\n\n<hr class=\"wp-block-separator has-alpha-channel-opacity\" \/>\n<div class=\"wp-block-image\">\n<figure class=\"aligncenter size-full\"><img loading=\"lazy\" decoding=\"async\" width=\"193\" height=\"300\" src=\"https:\/\/carmenhernandez.org\/wp-content\/uploads\/2022\/07\/camino-neocatechumenal-carmen-hernandez-necesidad-oracion-pensamiento-pio-xii.png\" alt=\"Neokatechumenaler Weg Carmen Hernandez Buch Die Notwendigkeit des Gebets in der Lehre von Pius XII\" class=\"wp-image-2541\" \/><\/figure>\n<\/div>\n<div class=\"wp-block-buttons is-layout-flex wp-block-buttons-is-layout-flex\">\n<div class=\"wp-block-button aligncenter\"><a class=\"wp-block-button__link\" href=\"https:\/\/www.edesclee.com\/tematicas\/biografias\/la-necesidad-de-la-oracion-en-el-pensamiento-de-pio-xii\" target=\"_blank\" rel=\"noreferrer noopener\">KAUFEN<\/a><\/div>\n<\/div>\n\n<div style=\"height:30px\" aria-hidden=\"true\" class=\"wp-block-spacer\"><\/div>\n\n<hr class=\"wp-block-separator has-alpha-channel-opacity\" \/>\n\n<p>In der Di\u00f6zese Madrid wird die Heilige Messe f\u00fcr den sechsten Todestag von Carmen am Dienstag, den 19. Juli 2022 gefeiert, in der Pfarrei der Hl. Katharina Laboure um 20:30 Uhr.<\/p>\n\n<div style=\"height:30px\" aria-hidden=\"true\" class=\"wp-block-spacer\"><\/div>\n<div class=\"wp-block-image\">\n<figure class=\"aligncenter size-full\"><img loading=\"lazy\" decoding=\"async\" width=\"1024\" height=\"768\" src=\"https:\/\/carmenhernandez.org\/wp-content\/uploads\/2022\/07\/carmen-hernandez-camino-neocatecumenal-sexto-aniversario-eucaristia-santa-catalina-laboure-02.jpg\" alt=\"\" class=\"wp-image-2617\" srcset=\"https:\/\/carmenhernandez.org\/wp-content\/uploads\/2022\/07\/carmen-hernandez-camino-neocatecumenal-sexto-aniversario-eucaristia-santa-catalina-laboure-02.jpg 1024w, https:\/\/carmenhernandez.org\/wp-content\/uploads\/2022\/07\/carmen-hernandez-camino-neocatecumenal-sexto-aniversario-eucaristia-santa-catalina-laboure-02-300x225.jpg 300w, https:\/\/carmenhernandez.org\/wp-content\/uploads\/2022\/07\/carmen-hernandez-camino-neocatecumenal-sexto-aniversario-eucaristia-santa-catalina-laboure-02-768x576.jpg 768w\" sizes=\"auto, (max-width: 1024px) 100vw, 1024px\" \/><\/figure>\n<\/div>\n<figure class=\"wp-block-gallery has-nested-images columns-default is-cropped wp-block-gallery-1 is-layout-flex wp-block-gallery-is-layout-flex\">\n<figure class=\"wp-block-image size-large\"><img loading=\"lazy\" decoding=\"async\" width=\"1024\" height=\"768\" data-id=\"2618\" src=\"https:\/\/carmenhernandez.org\/wp-content\/uploads\/2022\/07\/carmen-hernandez-camino-neocatecumenal-sexto-aniversario-eucaristia-santa-catalina-laboure-03.jpg\" alt=\"\" class=\"wp-image-2618\" srcset=\"https:\/\/carmenhernandez.org\/wp-content\/uploads\/2022\/07\/carmen-hernandez-camino-neocatecumenal-sexto-aniversario-eucaristia-santa-catalina-laboure-03.jpg 1024w, https:\/\/carmenhernandez.org\/wp-content\/uploads\/2022\/07\/carmen-hernandez-camino-neocatecumenal-sexto-aniversario-eucaristia-santa-catalina-laboure-03-300x225.jpg 300w, https:\/\/carmenhernandez.org\/wp-content\/uploads\/2022\/07\/carmen-hernandez-camino-neocatecumenal-sexto-aniversario-eucaristia-santa-catalina-laboure-03-768x576.jpg 768w\" sizes=\"auto, (max-width: 1024px) 100vw, 1024px\" \/><\/figure>\n\n\n\n<figure class=\"wp-block-image size-large\"><img loading=\"lazy\" decoding=\"async\" width=\"576\" height=\"768\" data-id=\"2610\" src=\"https:\/\/carmenhernandez.org\/wp-content\/uploads\/2022\/07\/carmen-hernandez-camino-neocatecumenal-sexto-aniversario-eucaristia-santa-catalina-laboure-01.jpg\" alt=\"\" class=\"wp-image-2610\" srcset=\"https:\/\/carmenhernandez.org\/wp-content\/uploads\/2022\/07\/carmen-hernandez-camino-neocatecumenal-sexto-aniversario-eucaristia-santa-catalina-laboure-01.jpg 576w, https:\/\/carmenhernandez.org\/wp-content\/uploads\/2022\/07\/carmen-hernandez-camino-neocatecumenal-sexto-aniversario-eucaristia-santa-catalina-laboure-01-225x300.jpg 225w\" sizes=\"auto, (max-width: 576px) 100vw, 576px\" \/><\/figure>\n<\/figure>\n\n<hr class=\"wp-block-separator has-alpha-channel-opacity is-style-wide\" \/>\n","protected":false},"excerpt":{"rendered":"<p>Carmen Hernandez: \u201eDie Notwendigkeit des Gebets in der Lehre von Pius XII\u201c Anl\u00e4sslich des sechsten Gedenktages des Todes von Carmen Hernandez hat der Verlag Desclee de Brouwer k\u00fcrzlich ein Buch ver\u00f6ffentlicht mit der Abschlussarbeit, die Carmen am Ende ihres Studiums der Religionswissenschaften in Valencia 1960 geschrieben hat mit dem Titel:<\/p>\n<div class=\"belowpost\"><a class=\"btnmore icon-arrow\" href=\"https:\/\/carmenhernandez.org\/de\/sechster-gedenktag-des-dies-natalis-von-carmen-hernandez\/\"><span>Read More<\/span><\/a><\/div>\n","protected":false},"author":3,"featured_media":2863,"comment_status":"closed","ping_status":"closed","sticky":false,"template":"","format":"standard","meta":{"footnotes":""},"categories":[144,13],"tags":[],"class_list":["post-3493","post","type-post","status-publish","format-standard","has-post-thumbnail","hentry","category-bucher","category-unkategorisiert"],"_links":{"self":[{"href":"https:\/\/carmenhernandez.org\/de\/wp-json\/wp\/v2\/posts\/3493","targetHints":{"allow":["GET"]}}],"collection":[{"href":"https:\/\/carmenhernandez.org\/de\/wp-json\/wp\/v2\/posts"}],"about":[{"href":"https:\/\/carmenhernandez.org\/de\/wp-json\/wp\/v2\/types\/post"}],"author":[{"embeddable":true,"href":"https:\/\/carmenhernandez.org\/de\/wp-json\/wp\/v2\/users\/3"}],"replies":[{"embeddable":true,"href":"https:\/\/carmenhernandez.org\/de\/wp-json\/wp\/v2\/comments?post=3493"}],"version-history":[{"count":7,"href":"https:\/\/carmenhernandez.org\/de\/wp-json\/wp\/v2\/posts\/3493\/revisions"}],"predecessor-version":[{"id":3500,"href":"https:\/\/carmenhernandez.org\/de\/wp-json\/wp\/v2\/posts\/3493\/revisions\/3500"}],"wp:featuredmedia":[{"embeddable":true,"href":"https:\/\/carmenhernandez.org\/de\/wp-json\/wp\/v2\/media\/2863"}],"wp:attachment":[{"href":"https:\/\/carmenhernandez.org\/de\/wp-json\/wp\/v2\/media?parent=3493"}],"wp:term":[{"taxonomy":"category","embeddable":true,"href":"https:\/\/carmenhernandez.org\/de\/wp-json\/wp\/v2\/categories?post=3493"},{"taxonomy":"post_tag","embeddable":true,"href":"https:\/\/carmenhernandez.org\/de\/wp-json\/wp\/v2\/tags?post=3493"}],"curies":[{"name":"wp","href":"https:\/\/api.w.org\/{rel}","templated":true}]}}