{"id":4698,"date":"2023-11-26T17:28:03","date_gmt":"2023-11-26T17:28:03","guid":{"rendered":"https:\/\/carmenhernandez.org\/carmen-hernandez-valencia-spain\/"},"modified":"2023-11-30T14:45:21","modified_gmt":"2023-11-30T14:45:21","slug":"carmen-hernandez-valencia-spain","status":"publish","type":"post","link":"https:\/\/carmenhernandez.org\/en\/carmen-hernandez-valencia-spain\/","title":{"rendered":"Carmen Hern\u00e1ndez &#8211; Valencia (Spain)"},"content":{"rendered":"\n<h4 class=\"wp-block-heading has-text-align-center\">VALENCIA (1956-1960)<\/h4>\n\n<div style=\"height:30px\" aria-hidden=\"true\" class=\"wp-block-spacer\"><\/div>\n<div class=\"wp-block-image hide-large-screen\">\n<figure class=\"aligncenter size-large\"><img loading=\"lazy\" decoding=\"async\" width=\"1024\" height=\"675\" src=\"https:\/\/carmenhernandez.org\/wp-content\/uploads\/2023\/11\/carmen-hernandez-audiencia-papa-juan-pablo-ii-mario-pezzi-vaticano-1024x675.jpg\" alt=\"\" class=\"wp-image-4624\" srcset=\"https:\/\/carmenhernandez.org\/wp-content\/uploads\/2023\/11\/carmen-hernandez-audiencia-papa-juan-pablo-ii-mario-pezzi-vaticano-1024x675.jpg 1024w, https:\/\/carmenhernandez.org\/wp-content\/uploads\/2023\/11\/carmen-hernandez-audiencia-papa-juan-pablo-ii-mario-pezzi-vaticano-300x198.jpg 300w, https:\/\/carmenhernandez.org\/wp-content\/uploads\/2023\/11\/carmen-hernandez-audiencia-papa-juan-pablo-ii-mario-pezzi-vaticano-768x506.jpg 768w, https:\/\/carmenhernandez.org\/wp-content\/uploads\/2023\/11\/carmen-hernandez-audiencia-papa-juan-pablo-ii-mario-pezzi-vaticano.jpg 1517w\" sizes=\"auto, (max-width: 1024px) 100vw, 1024px\" \/><\/figure>\n<\/div>\n<div style=\"height:30px\" aria-hidden=\"true\" class=\"wp-block-spacer\"><\/div>\n\n<p>Carmen wanted to respond to the call that the Lord had made to her since she was a child. With St. Francis Xavier as her point of reference, and desiring to go on mission, she made several unsuccessful attempts at the Congregation of Jesus and Mary in Madrid.<\/p>\n\n<p>At the age of 23, after studying chemistry, she went to Javier (Navarra) to enter a missionary Institute: the Missionaries of Jesus Christ, founded by Fr. Mois\u00e9s Domenzain SJ, Mother Camino and two other companions, and supported by D. Marcelino Olaechea, Archbishop of Pamplona and later of Valencia. After her novitiate and temporary vows in 1956, Carmen left to study theology at the Sedes Sapientiae in Valencia, &#8220;the science of humility and love&#8221;, as she would say. Carmen lived in Valencia from October 1956 to October 1960.<\/p>\n\n<p>The Missionaries had opened a house in Valencia shortly after D. Marcelino was transferred from Pamplona to Valencia.<\/p>\n\n<p>During the 1956-1957 school year, Carmen was in charge of the Missionary Sisters&#8217; house at 8 Viciana Street, doing humble work in the house and ironing sheets.<\/p>\n\n<div style=\"height:30px\" aria-hidden=\"true\" class=\"wp-block-spacer\"><\/div>\n<div class=\"wp-block-image\">\n<figure class=\"aligncenter size-full\"><img loading=\"lazy\" decoding=\"async\" width=\"596\" height=\"447\" src=\"https:\/\/carmenhernandez.org\/wp-content\/uploads\/2023\/11\/Carmen-Hernandez-Vendimia-Javea-1958.jpg\" alt=\"\" class=\"wp-image-4636\" srcset=\"https:\/\/carmenhernandez.org\/wp-content\/uploads\/2023\/11\/Carmen-Hernandez-Vendimia-Javea-1958.jpg 596w, https:\/\/carmenhernandez.org\/wp-content\/uploads\/2023\/11\/Carmen-Hernandez-Vendimia-Javea-1958-300x225.jpg 300w\" sizes=\"auto, (max-width: 596px) 100vw, 596px\" \/><figcaption class=\"wp-element-caption\"><em>J\u00e1vea. Vendimia. 1958<\/em><\/figcaption><\/figure>\n<\/div>\n<p>After the &#8220;Flood&#8221; of October 1957, she enrolled and studied theology. Carmen soon began to stand out in her relationship with Don Marcelino because of how surprising, spontaneous and lively her relationship with him was. This is reflected in the unexpected visits that Carmen made to the Archbishop&#8217;s Palace, together with her roommate, M\u00aa \u00c1ngeles Sagrist\u00e1, who recalls: &#8220;We, as Carmen was like that, when we left class, we went to the Palace a lot of times, we would sneak out, and then, as the Father had these visits and problems, we would go to D. Joaqu\u00edn, D. Joaqu\u00edn&#8217;s secretary. Joaqu\u00edn, D. Marcelino&#8217;s secretary, and D. Joaqu\u00edn would say &#8220;wait for us, wait for us&#8221;, he would let Father know when one of the interviews he had came up, and then we would go to Father, and in the end we would make his life happy, with those problems he had, he would give us his blessing, we would laugh with him, and that was it. And we did that for many, many days.&#8221;<\/p>\n\n<p>Carmen will grow in esteem for Don Marcelino. &#8220;My Jesus, at the side of a saint&#8221;, she will write while in Valencia.<\/p>\n\n<p>Carmen will write 41 letters (including Christmasgreetings) to Don Marcelino. Marcellin, in turn, will write 17 letters to Carmen.<\/p>\n<div class=\"wp-block-image\">\n<figure class=\"alignleft size-full\"><img loading=\"lazy\" decoding=\"async\" width=\"450\" height=\"290\" src=\"https:\/\/carmenhernandez.org\/wp-content\/uploads\/2023\/11\/Carmen-Hernandez-Marcelino-Maria-Angeles-La-Pobleta-1959.jpg\" alt=\"\" class=\"wp-image-4648\" srcset=\"https:\/\/carmenhernandez.org\/wp-content\/uploads\/2023\/11\/Carmen-Hernandez-Marcelino-Maria-Angeles-La-Pobleta-1959.jpg 450w, https:\/\/carmenhernandez.org\/wp-content\/uploads\/2023\/11\/Carmen-Hernandez-Marcelino-Maria-Angeles-La-Pobleta-1959-300x193.jpg 300w\" sizes=\"auto, (max-width: 450px) 100vw, 450px\" \/><figcaption class=\"wp-element-caption\"><em>Don Marcelino with Carmen Hern\u00e1ndez and M\u00aa \u00c1ngeles Sagrist\u00e1 Rod\u00f3. La Pobleta 3-7-59.<\/em><\/figcaption><\/figure>\n<\/div>\n<p>Carmen will renew her temporary vows in Valencia on October 3, 1959.<\/p>\n\n<p>Carmen finishes her theological studies in Valencia and receives the reward of going by train to Rome with the diocesan delegation of Valencia to the canonization of Archbishop Blessed Juan de Ribera with another sister on June 12, 1960.<\/p>\n\n<p>She will write her thesis on &#8220;The need for prayer according to Pius XII&#8221;, obtaining the qualification of Summa cum Laude on October 1, 1960.<\/p>\n\n<p>After her studies in 1960, Carmen perceived the need for all the formation efforts of the Missionary Sisters to be directed towards the people of TODAY. And she brought out all her theological, philosophical, historical and scientific armament to convince some sisters of the Institute of the need to update themselves. The Council has not yet begun. But she has learned from very good teachers at the Sedes Sapientiae Institute. When she met Fr. Farn\u00e9s in Barcelona in 1962, she became even more aware of the need for renewal, and even more so when she learned about the Dogmatic Constitutions of the Second Vatican Council. She will say: &#8220;Here in Valencia I have had immense graces that I hope will multiply for you&#8221;. &#8220;I&#8217;ve been all along the coast, the Pe\u00f1on de Ifach, everything. Valencia is wonderful, impressive, geographically stupendous&#8221;.<\/p>\n\n<p> When Carmen returns to Valencia, where she has an ex-missionary friend, Amparo Llinares, she will only want to go see if there is a statue of Marcelino Olaechea in front of the archbishop&#8217;s palace.<\/p>\n\n<div style=\"height:30px\" aria-hidden=\"true\" class=\"wp-block-spacer\"><\/div>\n<div class=\"wp-block-image\">\n<figure class=\"aligncenter size-full\"><img loading=\"lazy\" decoding=\"async\" width=\"411\" height=\"588\" src=\"https:\/\/carmenhernandez.org\/wp-content\/uploads\/2023\/11\/Carmen-Hernandez-Estatua-Don-Marcelino-Plaza-Palau-Valencia-2006.jpg\" alt=\"\" class=\"wp-image-4660\" srcset=\"https:\/\/carmenhernandez.org\/wp-content\/uploads\/2023\/11\/Carmen-Hernandez-Estatua-Don-Marcelino-Plaza-Palau-Valencia-2006.jpg 411w, https:\/\/carmenhernandez.org\/wp-content\/uploads\/2023\/11\/Carmen-Hernandez-Estatua-Don-Marcelino-Plaza-Palau-Valencia-2006-210x300.jpg 210w\" sizes=\"auto, (max-width: 411px) 100vw, 411px\" \/><figcaption class=\"wp-element-caption\"><em>Carmen at the foot of the statue of Don Marcelino that is located in the Plaza del Palau, in front of the Archbishop&#8217;s Palace and next to the Cathedral of Valencia. The photo was taken on the occasion of his visit to Valencia for the V World Meeting of Families in July 2006.<\/em><\/figcaption><\/figure>\n<\/div>\n<h4 class=\"wp-block-heading has-text-align-center\">Places to visit in Valencia<\/h4>\n\n<p>The walking tour can start at the Torres de Serranos, from which you go along the street of Count (Comte) de Tr\u00e8nor to Salvador street and then to Viciana street, where there is a small square. Carmen lived at number 8. Near her residence are: On Trinitarios street, the Church of the Savior and the Faculty of Theology. Also nearby: the Basilica of the Virgen de los Desamparados, the Plaza de la Virgen, the Cathedral of Valencia, (where the chapel of the Holy Chalice of the Lord&#8217;s Supper and the tomb of Don Marcelino Olaechea are located), the Archbishop&#8217;s Palace where Marcelino Olaechea lived and the statue that was erected in 1978 in his honor.<\/p>\n\n<p><strong>Calle Viciana 8<\/strong>&#13;\n&#13;\nThe house of missionaries was dedicated to St Joseph.&#13;\n&#13;\nIt was founded in 1947. The missionaries lived there until 1971. Carmen lived in Valencia, from October of 1956 to October of 1960.<\/p>\n\n<p><strong>Iglesia del Salvador<\/strong>&#13;\n&#13;\nCarmen prayed in this church and its Christ, located in the High Altar, stands out above all. According to tradition, he appeared in Valencia on November 9, 1250, going up the Turia River against the current.<\/p>\n\n<p><strong>Department of Theology<\/strong>&#13;\n&#13;\nAt 3 Trinitarios Street, the same street as the Church of El Salvador. It is where she received the classes of the Sedes Sapientiae Institute, which was a Faculty of Philosophy, Dogma and Morals, a branch of the Regina Mundi Institute in Rome.<\/p>\n\n<p>About these studies she will say: &#8220;When I was studying theology here, [Marcelino Olaechea] proposed that women, nuns and all those who wanted to, could study all the theologies that priests know, and he appointed the best professors there were in everything: for theology he appointed Father Sauras, a Dominican who was one of the best in Spain and who was at the Council; Father Llameras, for spirituality, who was another fantastic and saintly Dominican&#8221;.<\/p>\n\n<p><strong>Bas\u00edlica de la Virgen de los Desamparados<\/strong>&#13;\n&#13;\nOn several occasions, she visited the Basilica of the Virgen de los Desamparados (feast: second Saturday of May). On one occasion, she wrote in her Diary: &#8220;Dulc\u00edsima Mater desertorum, desertorum, desertorum. You, only you, you alone, Sweetest, Sweetest, Sweetest Mater desertorum are going to shelter me in your prudence, most secret, Sweetest.\u00a0 Shelter me waiting for the Holy Spirit.\u00a0 To speak quietly with your &#8220;sweetest&#8221; grace (Saturday, May 9, 1959).<\/p>\n\n<p><em>Mater desertorum <\/em>means Mother of the Forsaken. In 1923, shortly after the Pontifical Coronation, the Diocese of Valencia was granted the inclusion of the invocation &#8220;Mater Desertorum&#8221; in the Lauretan Litanies that are prayed in the Rosary after the invocation Mater Boni Consilii.<\/p>\n\n<p><strong>The Cathedral<\/strong>&#13;\n&#13;\nOn many occasions she went to the cathedral. Besides visiting the Holy Chalice of the Supper in its chapel, you can visit the tomb of Marcelino Olaechea, who had a very close relationship with Carmen.<\/p>\n\n<p><strong>Archbishop\u2019s Palace<\/strong>&#13;\n&#13;\nIn the Palau square there is a statue erected in gratitude to D. Marcelino Olaechea right in front of the archbishop&#8217;s palace that Carmen often frequented to visit Don Marcelino and his secretary D. Joaqu\u00edn Mestre, with whom she maintained a close friendship.<\/p>\n\n<div style=\"height:30px\" aria-hidden=\"true\" class=\"wp-block-spacer\"><\/div>\n\n<p><strong>Other places of Valencia<\/strong><\/p>\n\n<p><strong>The Carthusian monastery of<\/strong> <strong>Porta Coeli<\/strong>, where Carmen went on an excursion with the Missionaries in June 1958.<\/p>\n\n<p><strong>Alcalal\u00ed<\/strong>, a town in the province of Alicante, belonging to the Diocese of Valencia, where Don Joaqu\u00edn Mestre, Don Marcelino&#8217;s secretary, was born. The Missionaries went there on an excursion with Don Marcelino. There they visited the hermitages of the <strong>Virgen del Calvario and San Juan de Mosquera<\/strong> <strong>de Alcalal\u00ed<\/strong> in January 1960. They also went to <strong>Cabo de la Nao <\/strong>in July 1958; to <strong>La Pobleta<\/strong> in July 1959, both places near Alcalal\u00ed. They also went on excursions to <strong>J\u00e1tiva (X\u00e1tiva)<\/strong> and <strong>Ba\u00f1eres (Banyeres)<\/strong>, to the Pe\u00f1\u00f3n de Ifach. It will be in <strong>Javea or Xabia<\/strong> (Alicante) where Kiko and Carmen will celebrate Easter 1968 in a church in the shape of a boat called Nuestra Se\u00f1ora de Loreto.<\/p>\n\n<div style=\"height:30px\" aria-hidden=\"true\" class=\"wp-block-spacer\"><\/div>\n\n<div class=\"wp-block-columns are-vertically-aligned-center is-layout-flex wp-container-core-columns-is-layout-9d6595d7 wp-block-columns-is-layout-flex\">\n<div class=\"wp-block-column is-vertically-aligned-center is-layout-flow wp-block-column-is-layout-flow\"><div class=\"wp-block-image\">\n<figure class=\"aligncenter size-full\"><a href=\"https:\/\/carmenhernandez.org\/wp-content\/uploads\/docs\/triptico-carmen-hernandez-valencia-es.pdf\" target=\"_blank\" rel=\"noreferrer noopener\"><img loading=\"lazy\" decoding=\"async\" width=\"128\" height=\"128\" src=\"https:\/\/carmenhernandez.org\/wp-content\/uploads\/2021\/11\/icopdf.png\" alt=\"Carmen Hern&#xE1;ndez PDF file download icon\" class=\"wp-image-1293\"\/><\/a><figcaption class=\"wp-element-caption\">Tr\u00edptico: Valencia<\/figcaption><\/figure>\n<\/div><\/div>\n\n\n\n<div class=\"wp-block-column is-vertically-aligned-center is-layout-flow wp-block-column-is-layout-flow\"><div class=\"wp-block-image\">\n<figure class=\"aligncenter size-thumbnail\"><a href=\"https:\/\/www.google.com\/maps\/d\/u\/0\/viewer?mid=1-HR_ZDjnNRryWfrcdTML4Px9Z-Xk0lA&amp;ll=40.07774721706698%2C-3.5414329520965504&amp;z=6\" target=\"_blank\" rel=\"noreferrer noopener\"><img loading=\"lazy\" decoding=\"async\" width=\"150\" height=\"145\" src=\"https:\/\/carmenhernandez.org\/wp-content\/uploads\/2023\/03\/google-maps-icon-1-150x145.png\" alt=\"Camino Neocatecumenal Carmen Hern&#xE1;ndez Google Maps icon\" class=\"wp-image-3462\"\/><\/a><figcaption class=\"wp-element-caption\">Google Maps<\/figcaption><\/figure>\n<\/div><\/div>\n<\/div>\n\n<hr class=\"wp-block-separator has-alpha-channel-opacity\"\/>\n\n<h6 class=\"wp-block-heading has-text-align-center\"><a href=\"https:\/\/carmenhernandez.org\/en\/contact\/\" data-type=\"page\" data-id=\"162\">Contact<\/a><\/h6>\n\n<hr class=\"wp-block-separator has-alpha-channel-opacity is-style-wide\"\/>\n","protected":false},"excerpt":{"rendered":"<p>VALENCIA (1956-1960) Carmen wanted to respond to the call that the Lord had made to her since she was a child. With St. Francis Xavier as her point of reference, and desiring to go on mission, she made several unsuccessful attempts at the Congregation of Jesus and Mary in Madrid.<\/p>\n<div class=\"belowpost\"><a class=\"btnmore icon-arrow\" href=\"https:\/\/carmenhernandez.org\/en\/carmen-hernandez-valencia-spain\/\"><span>Read More<\/span><\/a><\/div>\n","protected":false},"author":3,"featured_media":4626,"comment_status":"closed","ping_status":"closed","sticky":false,"template":"","format":"standard","meta":{"footnotes":""},"categories":[19,132],"tags":[],"class_list":["post-4698","post","type-post","status-publish","format-standard","has-post-thumbnail","hentry","category-beatification","category-pilgrimages"],"_links":{"self":[{"href":"https:\/\/carmenhernandez.org\/en\/wp-json\/wp\/v2\/posts\/4698","targetHints":{"allow":["GET"]}}],"collection":[{"href":"https:\/\/carmenhernandez.org\/en\/wp-json\/wp\/v2\/posts"}],"about":[{"href":"https:\/\/carmenhernandez.org\/en\/wp-json\/wp\/v2\/types\/post"}],"author":[{"embeddable":true,"href":"https:\/\/carmenhernandez.org\/en\/wp-json\/wp\/v2\/users\/3"}],"replies":[{"embeddable":true,"href":"https:\/\/carmenhernandez.org\/en\/wp-json\/wp\/v2\/comments?post=4698"}],"version-history":[{"count":3,"href":"https:\/\/carmenhernandez.org\/en\/wp-json\/wp\/v2\/posts\/4698\/revisions"}],"predecessor-version":[{"id":4721,"href":"https:\/\/carmenhernandez.org\/en\/wp-json\/wp\/v2\/posts\/4698\/revisions\/4721"}],"wp:featuredmedia":[{"embeddable":true,"href":"https:\/\/carmenhernandez.org\/en\/wp-json\/wp\/v2\/media\/4626"}],"wp:attachment":[{"href":"https:\/\/carmenhernandez.org\/en\/wp-json\/wp\/v2\/media?parent=4698"}],"wp:term":[{"taxonomy":"category","embeddable":true,"href":"https:\/\/carmenhernandez.org\/en\/wp-json\/wp\/v2\/categories?post=4698"},{"taxonomy":"post_tag","embeddable":true,"href":"https:\/\/carmenhernandez.org\/en\/wp-json\/wp\/v2\/tags?post=4698"}],"curies":[{"name":"wp","href":"https:\/\/api.w.org\/{rel}","templated":true}]}}