{"id":1197,"date":"2021-07-19T18:48:12","date_gmt":"2021-07-19T18:48:12","guid":{"rendered":"https:\/\/carmenhernandez.org\/notes-biographiques-carmen-hernandez\/"},"modified":"2021-11-06T02:00:10","modified_gmt":"2021-11-06T02:00:10","slug":"notes-biographiques-carmen-hernandez","status":"publish","type":"post","link":"https:\/\/carmenhernandez.org\/fr\/notes-biographiques-carmen-hernandez\/","title":{"rendered":"Notes biographiques &#8211; Carmen Hern\u00e1ndez"},"content":{"rendered":"\n<div style=\"height:20px\" aria-hidden=\"true\" class=\"wp-block-spacer\"><\/div>\n\n<figure class=\"wp-block-image size-full hide-large-screen\"><img loading=\"lazy\" decoding=\"async\" width=\"823\" height=\"1000\" src=\"https:\/\/carmenhernandez.org\/wp-content\/uploads\/2021\/06\/carmen-hernandez-camino-neocatecumenal-israel-einkarem.jpg\" alt=\"Carmen Hern&#xE1;ndez 1964 &#xE0; Ein Karem\" class=\"wp-image-721\" srcset=\"https:\/\/carmenhernandez.org\/wp-content\/uploads\/2021\/06\/carmen-hernandez-camino-neocatecumenal-israel-einkarem.jpg 823w, https:\/\/carmenhernandez.org\/wp-content\/uploads\/2021\/06\/carmen-hernandez-camino-neocatecumenal-israel-einkarem-247x300.jpg 247w, https:\/\/carmenhernandez.org\/wp-content\/uploads\/2021\/06\/carmen-hernandez-camino-neocatecumenal-israel-einkarem-768x933.jpg 768w\" sizes=\"auto, (max-width: 823px) 100vw, 823px\" \/><\/figure>\n\n<div style=\"height:20px\" aria-hidden=\"true\" class=\"wp-block-spacer\"><\/div>\n\n<div class=\"wp-block-image\"><figure class=\"alignleft size-full\"><img loading=\"lazy\" decoding=\"async\" width=\"193\" height=\"300\" src=\"https:\/\/carmenhernandez.org\/wp-content\/uploads\/2021\/08\/camino-neocatechumenal-notas-biograficas-carmen-hernandez-aquilino-cayuela.png\" alt=\"Notes biographiques - Carmen Hern&#xE1;ndez\" class=\"wp-image-766\"\/><\/figure><\/div>\n\n<p>Dans cette note biographique, vous trouverez une femme extraordinaire, tr\u00e8s importante pour l\u2019Eglise, amoureuse du Christ, de l\u2019Ecriture et de l\u2019Eucharistie. Elle \u00e9tait consciente que la mission que Dieu lui avait confi\u00e9e \u00e9tait de me soutenir, de me d\u00e9fendre et de m\u2019encourager, pour le bien du Chemin N\u00e9ocat\u00e9chum\u00e9nal. Je rends gr\u00e2ce \u00e0 Dieu pour Carmen qui m\u2019a toujours dit la v\u00e9rit\u00e9, constamment. C\u2019\u00e9tait une femme profonde, authentique et libre dans sa relation avec tous. Nous croyons que Carmen est avec le Seigneur, d\u00e9j\u00e0 dans la f\u00eate. Ces notes biographiques ne sont pas seulement pour les fr\u00e8res du Chemin, mais pour toute l&rsquo;Eglise, pour faire conna\u00eetre une femme exceptionnelle, qui a v\u00e9cu sa foi \u00e0 un grade h\u00e9ro\u00efque. Carmen Hern\u00e1ndez! (Kiko Arg\u00fcello).<\/p>\n\n<p><strong>La preni\u00e8re biographie officielle de Carmen Hern\u00e1ndez a \u00e9t\u00e9 publi\u00e9e<\/strong>. Le cinqui\u00e8me anniversaire de la mort de Carmen Hern\u00e1ndez, le 19 juillet 2021, co\u00efncide avec la publication de sa premi\u00e8re biographie officielle dont l&rsquo;auteur est le professeur et docteur en philosophie Aquilino Cayuela. Elle est \u00e9dit\u00e9e par la <a href=\"http:\/\/bac-editorial.es\/es\/maior\/1787-carmen-hernandez-notas-biograficas-cartone.html?search_query=carmen+hernandez&amp;results=3\" target=\"_blank\" rel=\"noreferrer noopener\"> \u00ab Biblioth\u00e8que des Auteurs Chr\u00e9tiens \u00bb (BAC)<\/a>.<\/p>\n\n<div class=\"wp-block-buttons is-layout-flex wp-block-buttons-is-layout-flex\">\n<div class=\"wp-block-button is-style-fill\"><a class=\"wp-block-button__link has-white-color has-black-background-color has-text-color has-background\" href=\"http:\/\/bac-editorial.es\/es\/maior\/1787-carmen-hernandez-notas-biograficas-cartone.html?search_query=carmen+hernandez&amp;results=3\" target=\"_blank\" rel=\"noreferrer noopener\">Acheter<\/a><\/div>\n<\/div>\n\n<div style=\"height:20px\" aria-hidden=\"true\" class=\"wp-block-spacer\"><\/div>\n\n<hr class=\"wp-block-separator is-style-wide\"\/>\n","protected":false},"excerpt":{"rendered":"<p>Dans cette note biographique, vous trouverez une femme extraordinaire, tr\u00e8s importante pour l\u2019Eglise, amoureuse du Christ, de l\u2019Ecriture et de l\u2019Eucharistie. Elle \u00e9tait consciente que la mission que Dieu lui avait confi\u00e9e \u00e9tait de me soutenir, de me d\u00e9fendre et de m\u2019encourager, pour le bien du Chemin N\u00e9ocat\u00e9chum\u00e9nal. Je rends<\/p>\n<div class=\"belowpost\"><a class=\"btnmore icon-arrow\" href=\"https:\/\/carmenhernandez.org\/fr\/notes-biographiques-carmen-hernandez\/\"><span>Read More<\/span><\/a><\/div>\n","protected":false},"author":3,"featured_media":721,"comment_status":"closed","ping_status":"open","sticky":false,"template":"","format":"standard","meta":{"footnotes":""},"categories":[17],"tags":[],"class_list":["post-1197","post","type-post","status-publish","format-standard","has-post-thumbnail","hentry","category-beatification"],"_links":{"self":[{"href":"https:\/\/carmenhernandez.org\/fr\/wp-json\/wp\/v2\/posts\/1197","targetHints":{"allow":["GET"]}}],"collection":[{"href":"https:\/\/carmenhernandez.org\/fr\/wp-json\/wp\/v2\/posts"}],"about":[{"href":"https:\/\/carmenhernandez.org\/fr\/wp-json\/wp\/v2\/types\/post"}],"author":[{"embeddable":true,"href":"https:\/\/carmenhernandez.org\/fr\/wp-json\/wp\/v2\/users\/3"}],"replies":[{"embeddable":true,"href":"https:\/\/carmenhernandez.org\/fr\/wp-json\/wp\/v2\/comments?post=1197"}],"version-history":[{"count":1,"href":"https:\/\/carmenhernandez.org\/fr\/wp-json\/wp\/v2\/posts\/1197\/revisions"}],"predecessor-version":[{"id":1198,"href":"https:\/\/carmenhernandez.org\/fr\/wp-json\/wp\/v2\/posts\/1197\/revisions\/1198"}],"wp:featuredmedia":[{"embeddable":true,"href":"https:\/\/carmenhernandez.org\/fr\/wp-json\/wp\/v2\/media\/721"}],"wp:attachment":[{"href":"https:\/\/carmenhernandez.org\/fr\/wp-json\/wp\/v2\/media?parent=1197"}],"wp:term":[{"taxonomy":"category","embeddable":true,"href":"https:\/\/carmenhernandez.org\/fr\/wp-json\/wp\/v2\/categories?post=1197"},{"taxonomy":"post_tag","embeddable":true,"href":"https:\/\/carmenhernandez.org\/fr\/wp-json\/wp\/v2\/tags?post=1197"}],"curies":[{"name":"wp","href":"https:\/\/api.w.org\/{rel}","templated":true}]}}