{"id":3184,"date":"2023-02-19T01:35:01","date_gmt":"2023-02-19T01:35:01","guid":{"rendered":"https:\/\/carmenhernandez.org\/video-ouverture-de-la-cause-de-beatification-et-canonisation-de-carmen-hernandez\/"},"modified":"2023-02-19T01:57:25","modified_gmt":"2023-02-19T01:57:25","slug":"video-ouverture-de-la-cause-de-beatification-et-canonisation-de-carmen-hernandez","status":"publish","type":"post","link":"https:\/\/carmenhernandez.org\/fr\/video-ouverture-de-la-cause-de-beatification-et-canonisation-de-carmen-hernandez\/","title":{"rendered":"Video &#8211; Ouverture de la cause de B\u00e9atification et Canonisation de Carmen Hern\u00e1ndez"},"content":{"rendered":"\n<div style=\"height:28px\" aria-hidden=\"true\" class=\"wp-block-spacer\"><\/div>\n\n<h4 class=\"has-text-align-center wp-block-heading\">Transmission en direct<\/h4>\n\n<h5 class=\"has-text-align-center wp-block-heading\">Madrid (Espagne), dimanche 4 d\u00e9cembre 2022<br\/>18h00 (GMT+01:00)<\/h5>\n\n<div style=\"height:20px\" aria-hidden=\"true\" class=\"wp-block-spacer\"><\/div>\n\n<div align=\"center\"><figure class=\"wp-block-embed is-type-video is-provider-youtube wp-block-embed-youtube wp-embed-aspect-16-9 wp-has-aspect-ratio\"><div class=\"wp-block-embed__wrapper\">\r\n<iframe loading=\"lazy\" title=\"Apertura de la fase diocesana de la causa de Carmen Hern\u00e1ndez\" width=\"1000\" height=\"563\" src=\"https:\/\/www.youtube.com\/embed\/xnPEN915zgE?feature=oembed\" frameborder=\"0\" allow=\"accelerometer; autoplay; clipboard-write; encrypted-media; gyroscope; picture-in-picture; web-share\" allowfullscreen><\/iframe>\r\n<\/div><\/figure><\/div>\r\n\n<div style=\"height:20px\" aria-hidden=\"true\" class=\"wp-block-spacer\"><\/div>\n\n<hr class=\"wp-block-separator has-alpha-channel-opacity is-style-default\"\/>\n\n<div style=\"height:20px\" aria-hidden=\"true\" class=\"wp-block-spacer\"><\/div>\n\n<p>Palais des Sports de l\u2019Universit\u00e9 Francisco de Vitoria de Madrid.<br\/>&#13;\nPr\u00e9sid\u00e9 par le <strong>Card. Carlos Osoro<\/strong>, Archev\u00eaque de Madrid.<br\/>&#13;\nPromoteurs de la Cause : <strong>Kiko Arg\u00fcello, P. Mario Pezzi, Ascensi\u00f3n Romero<\/strong>, Fondations Famille de Nazareth de Rome et Madrid.<br\/>&#13;\nPostulateur : <strong>Carlos Metola.<\/strong><\/p>\n\n<div style=\"height:20px\" aria-hidden=\"true\" class=\"wp-block-spacer\"><\/div>\n\n<hr class=\"wp-block-separator has-css-opacity is-style-wide\"\/>\n","protected":false},"excerpt":{"rendered":"<p>Transmission en direct Madrid (Espagne), dimanche 4 d\u00e9cembre 202218h00 (GMT+01:00) Palais des Sports de l\u2019Universit\u00e9 Francisco de Vitoria de Madrid.&#13; Pr\u00e9sid\u00e9 par le Card. Carlos Osoro, Archev\u00eaque de Madrid.&#13; Promoteurs de la Cause : Kiko Arg\u00fcello, P. Mario Pezzi, Ascensi\u00f3n Romero, Fondations Famille de Nazareth de Rome et Madrid.&#13; Postulateur<\/p>\n<div class=\"belowpost\"><a class=\"btnmore icon-arrow\" href=\"https:\/\/carmenhernandez.org\/fr\/video-ouverture-de-la-cause-de-beatification-et-canonisation-de-carmen-hernandez\/\"><span>Read More<\/span><\/a><\/div>\n","protected":false},"author":3,"featured_media":2960,"comment_status":"closed","ping_status":"closed","sticky":false,"template":"","format":"standard","meta":{"footnotes":""},"categories":[17,91],"tags":[],"class_list":["post-3184","post","type-post","status-publish","format-standard","has-post-thumbnail","hentry","category-beatification","category-videos-fr"],"_links":{"self":[{"href":"https:\/\/carmenhernandez.org\/fr\/wp-json\/wp\/v2\/posts\/3184","targetHints":{"allow":["GET"]}}],"collection":[{"href":"https:\/\/carmenhernandez.org\/fr\/wp-json\/wp\/v2\/posts"}],"about":[{"href":"https:\/\/carmenhernandez.org\/fr\/wp-json\/wp\/v2\/types\/post"}],"author":[{"embeddable":true,"href":"https:\/\/carmenhernandez.org\/fr\/wp-json\/wp\/v2\/users\/3"}],"replies":[{"embeddable":true,"href":"https:\/\/carmenhernandez.org\/fr\/wp-json\/wp\/v2\/comments?post=3184"}],"version-history":[{"count":3,"href":"https:\/\/carmenhernandez.org\/fr\/wp-json\/wp\/v2\/posts\/3184\/revisions"}],"predecessor-version":[{"id":3189,"href":"https:\/\/carmenhernandez.org\/fr\/wp-json\/wp\/v2\/posts\/3184\/revisions\/3189"}],"wp:featuredmedia":[{"embeddable":true,"href":"https:\/\/carmenhernandez.org\/fr\/wp-json\/wp\/v2\/media\/2960"}],"wp:attachment":[{"href":"https:\/\/carmenhernandez.org\/fr\/wp-json\/wp\/v2\/media?parent=3184"}],"wp:term":[{"taxonomy":"category","embeddable":true,"href":"https:\/\/carmenhernandez.org\/fr\/wp-json\/wp\/v2\/categories?post=3184"},{"taxonomy":"post_tag","embeddable":true,"href":"https:\/\/carmenhernandez.org\/fr\/wp-json\/wp\/v2\/tags?post=3184"}],"curies":[{"name":"wp","href":"https:\/\/api.w.org\/{rel}","templated":true}]}}