{"id":2332,"date":"2022-04-13T20:21:08","date_gmt":"2022-04-13T20:21:08","guid":{"rendered":"https:\/\/carmenhernandez.org\/carmen-hernandez-soria-e-navarra-spagna\/"},"modified":"2026-04-20T12:18:53","modified_gmt":"2026-04-20T12:18:53","slug":"carmen-hernandez-soria-e-navarra-spagna","status":"publish","type":"post","link":"https:\/\/carmenhernandez.org\/it\/carmen-hernandez-soria-e-navarra-spagna\/","title":{"rendered":"Carmen Hernandez &#8211; Soria e Navarra (Spagna)"},"content":{"rendered":"<div class=\"wp-block-image hide-large-screen\">\n<figure class=\"aligncenter size-large\"><img loading=\"lazy\" decoding=\"async\" width=\"1024\" height=\"706\" src=\"https:\/\/carmenhernandez.org\/wp-content\/uploads\/2022\/04\/carmen-hernandez-camino-neocatecumenal-israel-1-1024x706.jpg\" alt=\"\" class=\"wp-image-2246\" srcset=\"https:\/\/carmenhernandez.org\/wp-content\/uploads\/2022\/04\/carmen-hernandez-camino-neocatecumenal-israel-1-1024x706.jpg 1024w, https:\/\/carmenhernandez.org\/wp-content\/uploads\/2022\/04\/carmen-hernandez-camino-neocatecumenal-israel-1-300x207.jpg 300w, https:\/\/carmenhernandez.org\/wp-content\/uploads\/2022\/04\/carmen-hernandez-camino-neocatecumenal-israel-1-768x529.jpg 768w, https:\/\/carmenhernandez.org\/wp-content\/uploads\/2022\/04\/carmen-hernandez-camino-neocatecumenal-israel-1.jpg 1451w\" sizes=\"auto, (max-width: 1024px) 100vw, 1024px\" \/><\/figure>\n<\/div>\n<div style=\"height:30px\" aria-hidden=\"true\" class=\"wp-block-spacer\"><\/div>\n\n<h4 class=\"wp-block-heading has-text-align-center\"><strong>OLVEGA<\/strong><\/h4>\n\n<hr class=\"wp-block-separator has-css-opacity\"\/>\n\n<p>Carmen nasce a \u00d3lvega (Soria) il 24 novembre 1930. Trascorre la sua infanzia a Tudela (Navarra). Fin da bambina sente la vocazione missionaria sotto l\u2019influenza dello spirito di San Francisco Javier. Studia Scienze chimiche all\u2019Universit\u00e0 di Madrid. Concretizza la sua vocazione missionaria a Javier (Navarra) nell\u2019Istituto delle Missionarie di Cristo Ges\u00f9 e studia Teologia a Valencia. Nell\u2019anno 1964 conosce Kiko Arguello nelle baracche di Palomeras Altas di Madrid e a seguito della loro esperienza di annunciare il Vangelo ai poveri, danno inizio al Cammino Neocatecumenale, perdendo la loro vita in questa missione durante pi\u00f9 di 50 anni nel mondo intero. Carmen aveva un amore immenso a Ges\u00f9 Cristo, alla Chiesa, alla Vergine, al Papa, alla Liturgia, alla Sacra Scrittura e alle radici ebraiche del cristianesimo. Muore a Madrid il 19 luglio 2016.<\/p>\n\n<div style=\"height:20px\" aria-hidden=\"true\" class=\"wp-block-spacer\"><\/div>\n<div class=\"wp-block-image\">\n<figure class=\"aligncenter size-full\"><img loading=\"lazy\" decoding=\"async\" width=\"262\" height=\"295\" src=\"https:\/\/carmenhernandez.org\/wp-content\/uploads\/2022\/04\/carmen-hernandez-camino-neocatecumenal-casa-natal.jpg\" alt=\"\" class=\"wp-image-2263\"\/><figcaption class=\"wp-element-caption\">Casa natale di Carmen Hernandez<\/figcaption><\/figure>\n<\/div>\n<p>Carmen nacque in una famiglia numerosa, era la quinta di nove Fratelli. I suoi genitori Antonio e Clementa, si trasferirono da Olvega a Tudela. La madre ritornava a Olvega per partorire i figli, che nascevano nel paese vicino ai nonni. <\/p>\n\n<p>Carmen fu battezzata quattro giorni dopo la sua nascita nella parrocchia di Santa Maria la Mayor di Olvega. Nella chiesa \u00e8 esposto l&#8217;antico fonte battesimale di legno dove fu battezzata Carmen Hern\u00e1ndez. Chiesa gotica costruita tra la fine del XV secolo e il principio del XVI.&#13;\nDell&#8217;insieme risalta la pala dell&#8217;altare maggiore della fine del secolo XVI, opera dello scultore Francisco de Agreda. Tutta la Pala \u00e8 un primo piano della Storia della Salvezza dell&#8217;uomo, dove sono rappresentati i quattro evangelisti, i quattro santi Padri della Chiesa latina, scene della storia della Vergine, misteri della vita di Ges\u00f9, scene del sacrificio di Isacco, tutto culmina con la crocifissione di Ges\u00f9.<\/p>\n\n<div style=\"height:30px\" aria-hidden=\"true\" class=\"wp-block-spacer\"><\/div>\n<div class=\"wp-block-image\">\n<figure class=\"aligncenter size-full\"><img loading=\"lazy\" decoding=\"async\" width=\"500\" height=\"333\" src=\"https:\/\/carmenhernandez.org\/wp-content\/uploads\/2024\/03\/camino-neocatecumenal-carmen-hernandez-santa-maria-mayor-pila-bautismal.png\" alt=\"\" class=\"wp-image-4900\" srcset=\"https:\/\/carmenhernandez.org\/wp-content\/uploads\/2024\/03\/camino-neocatecumenal-carmen-hernandez-santa-maria-mayor-pila-bautismal.png 500w, https:\/\/carmenhernandez.org\/wp-content\/uploads\/2024\/03\/camino-neocatecumenal-carmen-hernandez-santa-maria-mayor-pila-bautismal-300x200.png 300w\" sizes=\"auto, (max-width: 500px) 100vw, 500px\" \/><figcaption class=\"wp-element-caption\">Fonte battesimale di Santa Mar\u00eda la Mayor<\/figcaption><\/figure>\n<\/div>\n<div style=\"height:30px\" aria-hidden=\"true\" class=\"wp-block-spacer\"><\/div>\n\n<h4 class=\"wp-block-heading has-text-align-center\"><strong>TUDELA<\/strong><\/h4>\n\n<hr class=\"wp-block-separator has-css-opacity\"\/>\n\n<p>Carmen visse la sua infanzia e adolescenza fino a 15 anni a Tudela, citt\u00e0 della Rivera di Navarra, una ricca terra, sulla riva del fiume Ebro, dove fiorisce il famoso orto tudelano. Fa parte del Cammino Giacobeo che accoglie i pellegrini procedenti dal Mediterraneo e che seguono il corso dell\u2019Ebro fino a raggiungere il Cammino francese. Tudela faceva parte allora della diocesi di Tarazona. Nella decada degli anni 40 contava con un buon numero di ordini religiosi sia maschili che femminili. I due centri educativi privati che esistevano erano fondamentalmente la Compagnia di Maria per le donne dove studi\u00f2 Carmen e la Compagnia di Ges\u00f9 per gli uomini.<\/p>\n\n<div style=\"height:30px\" aria-hidden=\"true\" class=\"wp-block-spacer\"><\/div>\n\n<figure class=\"wp-block-gallery aligncenter has-nested-images columns-default is-cropped wp-block-gallery-1 is-layout-flex wp-block-gallery-is-layout-flex\">\n<figure class=\"wp-block-image size-large\"><img loading=\"lazy\" decoding=\"async\" width=\"1024\" height=\"768\" data-id=\"4860\" src=\"https:\/\/carmenhernandez.org\/wp-content\/uploads\/2024\/03\/camino-neocatecumenal-carmen-hernandez-tudela-iglesia-ensenanza-colegio-compania-maria-1024x768.png\" alt=\"\" class=\"wp-image-4860\" srcset=\"https:\/\/carmenhernandez.org\/wp-content\/uploads\/2024\/03\/camino-neocatecumenal-carmen-hernandez-tudela-iglesia-ensenanza-colegio-compania-maria-1024x768.png 1024w, https:\/\/carmenhernandez.org\/wp-content\/uploads\/2024\/03\/camino-neocatecumenal-carmen-hernandez-tudela-iglesia-ensenanza-colegio-compania-maria-300x225.png 300w, https:\/\/carmenhernandez.org\/wp-content\/uploads\/2024\/03\/camino-neocatecumenal-carmen-hernandez-tudela-iglesia-ensenanza-colegio-compania-maria-768x576.png 768w, https:\/\/carmenhernandez.org\/wp-content\/uploads\/2024\/03\/camino-neocatecumenal-carmen-hernandez-tudela-iglesia-ensenanza-colegio-compania-maria.png 1280w\" sizes=\"auto, (max-width: 1024px) 100vw, 1024px\" \/><\/figure>\n\n\n\n<figure class=\"wp-block-image size-large\"><img loading=\"lazy\" decoding=\"async\" width=\"211\" height=\"176\" data-id=\"2279\" src=\"https:\/\/carmenhernandez.org\/wp-content\/uploads\/2022\/04\/carmen-hernandez-camino-neocatecumenal-puerta-juicio-catedral-tudela.jpg\" alt=\"Carmen Hern&#xE1;ndez - Porta del Giudizio.  Cattedrale di Tudela (Spagna)\" class=\"wp-image-2279\"\/><\/figure>\n<figcaption class=\"blocks-gallery-caption wp-element-caption\">Porta del Giudizio. Cattedrale di Tudela (Spagna)<\/figcaption><\/figure>\n\n<div style=\"height:14px\" aria-hidden=\"true\" class=\"wp-block-spacer\"><\/div>\n\n<p>I gesuiti, missionari in molte nazioni del mondo, quando passavano per Tudela, erano soliti visitare il vicino istituto della Compagnia di Maria e entusiasmavano le ragazze con i loro racconti missionari accompagnati da diapositive. Da questi incontri nacque in Carmen la chiamata missionaria che sent\u00ec fin da quando aveva 5 anni. Carmen quando andava a scuola, attraversava la Cattedrale di Santa Maria per visitare il Santissimo. Questa chiesa si trovava a met\u00e0 cammino tra la sua casa e l\u2019istituto; entrava da una porta e usciva dall\u2019altra. Pregava tutti i giorni nella Cappella del Santissimo inginocchiata davanti al Santissimo Sacramento. Lei stessa racconta che in questa cappella sent\u00ec la chiamata alla missione, ascoltando per la prima volta in spagnolo il vangelo della pesca miracolosa e facendo ore di adorazione a Ges\u00f9 sacramentato.<\/p>\n\n<div style=\"height:30px\" aria-hidden=\"true\" class=\"wp-block-spacer\"><\/div>\n<div class=\"wp-block-image\">\n<figure class=\"aligncenter size-full\"><img loading=\"lazy\" decoding=\"async\" width=\"450\" height=\"600\" src=\"https:\/\/carmenhernandez.org\/wp-content\/uploads\/2024\/03\/camino-neocatecumenal-carmen-hernandez-tudela-catedral-capilla-espiritu-santo.png\" alt=\"\" class=\"wp-image-4870\" srcset=\"https:\/\/carmenhernandez.org\/wp-content\/uploads\/2024\/03\/camino-neocatecumenal-carmen-hernandez-tudela-catedral-capilla-espiritu-santo.png 450w, https:\/\/carmenhernandez.org\/wp-content\/uploads\/2024\/03\/camino-neocatecumenal-carmen-hernandez-tudela-catedral-capilla-espiritu-santo-225x300.png 225w\" sizes=\"auto, (max-width: 450px) 100vw, 450px\" \/><figcaption class=\"wp-element-caption\">Cappella dello Spirito Santo nella Cattedrale di Tudela. Fonte Wikimedia<\/figcaption><\/figure>\n<\/div>\n<div style=\"height:14px\" aria-hidden=\"true\" class=\"wp-block-spacer\"><\/div>\n\n<p>Dopo la Primaria Carmen segu\u00ec il corso di baccellierato fino ai 14 anni e cos\u00ec conobbe molto bene la spiritualit\u00e0 di San Ignacio di Loyola e si appassion\u00f2 alla figura di san Francisco Javier. Diceva sempre: <em>\u201cho conosciuto Javier prima di san Paolo\u201d<\/em>. Cos\u00ec, Francisco Javier e l\u2019India divennero il suo ideale missionario. L\u2019evangelizzazione era per lei la stessa vita della Chiesa, l\u2019\u201dabito nuovo\u201d che la rivestir\u00e0 per tutta la sua vita di un profumatissimo amore a Cristo e alla missione.<\/p>\n\n<p>Nel 1945 la famiglia si trasfer\u00ec a Madrid. L\u00ec Carmen continu\u00f2 a studiare per ordine del padre fino a terminare la carriera di Chimica a 21 anni. Cominci\u00f2 a lavorare principalmente nell\u2019oleificio della famiglia a Andujar. In seguito abbandoner\u00e0 tutto e si trasferir\u00e0 a Javier.<\/p>\n\n<div style=\"height:30px\" aria-hidden=\"true\" class=\"wp-block-spacer\"><\/div>\n\n<h4 class=\"wp-block-heading has-text-align-center\"><strong>JAVIER<\/strong><\/h4>\n\n<hr class=\"wp-block-separator has-css-opacity\"\/>\n\n<p>Javier \u00e8 un piccolo paesino che si trova 55 km a est di Pamplona. Culla di San Francisco Javier, nato nel 1506 nel castello di cui porta il nome e patrono delle missioni. Quando studiava a Parigi si un\u00ec al gruppo che san Ignacio di Loyola riuniva per il suo progetto di fondazione dei gesuiti. Ordinato sacerdote a Roma, nel 1541 viaggi\u00f2 verso Oriente evangelizzando instancabilmente l\u2019India e il Giappone durante 10 anni, convertendo molti alla fede. Mor\u00ec il 3 dicembre 1552 nell\u2019isola di Sanchon, alle porte della Cina, senza realizzare il suo sogno di evangelizzarla. Fu canonizzato il 12 marzo 1622. E co-patrono della Navarra insieme a san Fermin.<\/p>\n\n<p>Dio condusse Carmen a Javier in un modo misterioso, come confessa lei stessa. In varie occasioni aveva cercato di partire missionaria, ma il padre non glielo permetteva. Diventata maggiorenne viaggi\u00f2 a Pamplona e da l\u00ec a Javier senza che il padre potesse trattenerla. Carmen raccontava che fece il viaggio in treno con dei ragazzi che, nel parlare della loro vita, rimasero molto colpiti quando lei disse che viaggiava a Javier per diventare missionaria. Il suo modo di essere e il suo modo di parlare provocarono in loro uno scetticismo: \u201cTu, suora?\u201d<\/p>\n\n<p>A Javier Carmen entr\u00f2 nell\u2019Istituto delle Missionarie di Cristo Ges\u00f9 che era nato nel 1944 con l\u2019appoggio del vescovo don Marcelino Olaechea e l\u2019ispirazione del missionario gesuita Padre Domenz\u00e1in. Quest\u2019ultimo aveva visto la opportunit\u00e0 di portare alla sua missione in Giappone, l\u2019eccellente lavoro ecclesiale che realizzavano l\u00ec un gruppo di donne dell\u2019Azione Cattolica. Giovani con la chiara vocazione di aiutare i missionari. Questa vocazione fu come un fuoco. Era nato un nuovo stile missionario pi\u00f9 e efficace: <em>\u201cRagazze disponibili per la missione l\u00ec dove la Chiesa ne abbia bisogno\u201d<\/em>. Carmen ricorda questo tempo con gratitudine al Signore e come un cenacolo di preghiera e di grazie immense, di consolazione e di riscoperta delle Scritture, con uno spirito veramente potente.<\/p>\n\n<p>Carmen entra nella Comunit\u00e0 delle Missionarie di Cristo Ges\u00f9 il 1\u00b0 aprile 1954. Come racconta la sua compagna Loli, era molto apprezzata per il suo dinamismo interiore, la sua cordialit\u00e0, la sua vicinanza e il suo buon umore. Dopo sei mesi da postulante, il 3 ottobre, giorno di santa Teresa del bambin Ges\u00f9 secondo il calendario antico, passa al noviziato e indossa gli abiti nella Basilica di Javier con il nome di Maria del Carmen di Ges\u00f9.<\/p>\n<div class=\"wp-block-image\">\n<figure class=\"alignleft size-full\"><img loading=\"lazy\" decoding=\"async\" width=\"450\" height=\"233\" src=\"https:\/\/carmenhernandez.org\/wp-content\/uploads\/2024\/03\/camino-neocatecumenal-carmen-hernandez-casa-noviciado-misioneras.png\" alt=\"\" class=\"wp-image-4890\" srcset=\"https:\/\/carmenhernandez.org\/wp-content\/uploads\/2024\/03\/camino-neocatecumenal-carmen-hernandez-casa-noviciado-misioneras.png 450w, https:\/\/carmenhernandez.org\/wp-content\/uploads\/2024\/03\/camino-neocatecumenal-carmen-hernandez-casa-noviciado-misioneras-300x155.png 300w\" sizes=\"auto, (max-width: 450px) 100vw, 450px\" \/><figcaption class=\"wp-element-caption\">Casa del noviziato dei Missionari, attuale parcheggio davanti al castello<\/figcaption><\/figure>\n<\/div>\n<p>Oltre ai tre voti abituali di povert\u00e0, castit\u00e0 e obbedienza, professavano un quarto voto di consacrazione alle missioni; cosa che a Carmen affascinava perch\u00e9 rispondeva alla sua ardente vocazione missionaria. Era il tempo del noviziato; tempo di umilt\u00e0 e semplicit\u00e0, di preparazione per essere utili nella missione; con studi di missionologia, religione, infermeria, medicina o lingue straniere e molte ore di lavoro e preghiera: pregavano tutte le ore sante, l\u2019Ufficio parvo, il Rosario e l\u2019adorazione davanti al Santissimo. Sono giorni, quelli di Javier, nei quali Carmen vive sotto una rigida disciplina, un tempo di sacrificio, umilt\u00e0, allegria e innamoramento con Ges\u00f9 Cristo. Un innamoramento con Ges\u00f9 intenso e ricco, che ebbe il suo speciale momento di grazia nella notte dal 6 a 7 settembre del 1956. Prima di prendere i voti avevano un mese intero di esercizi spirituali. E nella terza settimana dedicata alla Passione, rimase molto impressionata dalle negazioni di San Pietro a Ges\u00f9 Cristo. Rimase tutta la notte pensando che se san Pietro invece di dire: <em>\u201cio non ti rinnegher\u00f2\u201d<\/em>, avesse chiesto al Signore: <em>\u201cnon lasciare che io ti rinneghi\u201d<\/em>, glielo avrebbe concesso. Con questa idea and\u00f2 a dormire ed ebbe un sogno nel quale vede Ges\u00f9 Cristo che le dice: <em>\u201cTu, seguimi!\u201d<\/em> e Carmen vedendo Ges\u00f9 Cristo cerca di seguirlo, ma si rende conto che \u00e8 una follia. E le ripete: <em>\u201cTu, seguimi!\u201d<\/em> e esce insieme a Ges\u00f9 Cristo dalla finestra e si ritrova nel vuoto; e comincia una discesa sempre a maggior velocit\u00e0 con paura di vedersi sfracellare e sente la voce di Ges\u00f9 Cristo che le dice:\u201d Non dicevi tu che volevi seguirmi? Allora disse: <em>\u201cS\u00ec!\u201d<\/em> ed entr\u00f2 nella morte. In questo stesso istante si ritrova salendo in una ascesa gloriosa, meravigliosa, con una grande sensazione incomparabile di piacere e benessere. Era una beatitudine, uno stare in cielo dietro al Signore, salendo fino a dire: <em>\u201cBasta! Basta!\u201d<\/em> Si svegli\u00f2 avendo provato quello che era veramente la \u201cbeatitudine\u201d del cielo. Questa ascensione la assapor\u00f2 durante un mese intero, sperimentando un piacere infinito: era il cielo, il possesso di Dio, la Vita Eterna. Carmen dir\u00e0 che questo sogno non lo dimenticher\u00e0 mai perch\u00e9 le faceva presente il Mistero della Pasqua: la kenosi e la resurrezione, come una luce che sempre la accompagn\u00f2 negli avvenimenti della sua vita.<\/p>\n<div class=\"wp-block-image\">\n<figure class=\"alignleft size-full\"><img loading=\"lazy\" decoding=\"async\" width=\"279\" height=\"157\" src=\"https:\/\/carmenhernandez.org\/wp-content\/uploads\/2022\/04\/carmen-hernandez-camino-neocatecumenal-castillo-javier-navarra.jpg\" alt=\"\" class=\"wp-image-2295\"\/><figcaption class=\"wp-element-caption\">Castello di Javier, Navarra (Spagna)<\/figcaption><\/figure>\n<\/div>\n<p>Il castello di Javier \u00e8 il luogo della nascita di San Francisco Javier, patrono universale delle missioni. A 18 anni lasci\u00f2 la sua casa e non vi ritorn\u00f2 mai pi\u00f9. Spinto dal suo zelo evangelizzatore, percorse l\u2019Estremo Oriente, l\u2019India, il Giappone e altri luoghi, e mor\u00ec alle porte della Cina, nell\u2019isola di Sanci\u00e1n. Carmen, nel suo ardore missionario diceva sempre: <em>\u201cIo ho conosciuto San Francisco Javier prima di conoscere san Paolo.\u201d<\/em> Cos\u00ec, san Francisco <br\/>Javier e l\u2019India diventarono il suo ideale missionario. <\/p>\n\n<div style=\"height:20px\" aria-hidden=\"true\" class=\"wp-block-spacer\"><\/div>\n<div class=\"wp-block-image\">\n<figure class=\"alignright size-full\"><img loading=\"lazy\" decoding=\"async\" width=\"400\" height=\"306\" src=\"https:\/\/carmenhernandez.org\/wp-content\/uploads\/2024\/03\/camino-neocatecumenal-carmen-hernandez-lamina-san-francisco-javier-frente-castillo.png\" alt=\"\" class=\"wp-image-4880\" srcset=\"https:\/\/carmenhernandez.org\/wp-content\/uploads\/2024\/03\/camino-neocatecumenal-carmen-hernandez-lamina-san-francisco-javier-frente-castillo.png 400w, https:\/\/carmenhernandez.org\/wp-content\/uploads\/2024\/03\/camino-neocatecumenal-carmen-hernandez-lamina-san-francisco-javier-frente-castillo-300x230.png 300w\" sizes=\"auto, (max-width: 400px) 100vw, 400px\" \/><figcaption class=\"wp-element-caption\">Piatto di San Francisco Javier davanti al Castello.<\/figcaption><\/figure>\n<\/div>\n<p>In questo luogo Carmen entr\u00f2 nell&#8217;Istituto delle Missionarie di Cristo Ges\u00f9, fondazione spagnola sostenuta dal vescovo D. Marcelino Olaechea e dal missionario gesuita Padre Domenzain. Questo Istituto aveva la casa di formazione in un edificio vicino al castello. Carmen entr\u00f2 nel 1954 e fece l\u00ec il noviziato. In questo Istituto rimase 8 anni, fino a che il Signore le mostr\u00f2 che la sua volont\u00e0 per la sua vita era un&#8217;altra. Dopo un viaggio in Terra Santa nel 1963-1964, tornando a Madrid, inizi\u00f2 con Kiko Arguello quello che si sarebbe conosciuto dopo come il Cammino Neocatecumenale che la Chiesa ha riconosciuto ufficialmente come &#8220;un itinerario di formazione cattolica valida per la societ\u00e0 e per i tempi odierni&#8221;.<\/p>\n\n<div style=\"height:30px\" aria-hidden=\"true\" class=\"wp-block-spacer\"><\/div>\n\n<h5 class=\"wp-block-heading has-text-align-center\"><strong>CRISTO SORRIDENTE DEL CASTELLO DI JAVIER<\/strong><\/h5>\n\n<hr class=\"wp-block-separator has-css-opacity\"\/>\n<div class=\"wp-block-image\">\n<figure class=\"alignright size-full\"><img loading=\"lazy\" decoding=\"async\" width=\"275\" height=\"144\" src=\"https:\/\/carmenhernandez.org\/wp-content\/uploads\/2022\/04\/carmen-hernandez-camino-neocatecumenal-cristo-sonriente-javier-navarra.jpg\" alt=\"\" class=\"wp-image-2311\"\/><figcaption class=\"wp-element-caption\"><em>&#8220;Chi non ha pregato davanti al Cristo di Javier,<br\/> non sa cosa sia pregare&#8221;<\/em> (Carmen)<\/figcaption><\/figure>\n<\/div>\n<p>Nell&#8217;oratorio del castello di Javier c&#8217;\u00e8 una scultura  romanica in legno di Cristo crocifisso, che si conosce come il &#8220;Cristo sorridente&#8221;, con la testa inclinata sulla sua spalla destra. Appare sulle sue labbra un tenero e dolce sorriso. Carmen viveva in uno spirito di preghiera. Si commuoveva pregando davanti al Cristo di Javier che si trova nel castello e che sorride dolcemente di fronte ai dipinti della danza della morte, otto scheletri che non hanno potere su di lui, e che non conoscono questa Buona Notizia: \u201cCi sono cammini nella Croce, la morte \u00e8 stata vinta in Ges\u00f9 Cristo!<\/p>\n\n<p>Dopo questa esperienza termina il noviziato di due anni. Il 3 ottobre 1956 professa i voti temporali in un rito presieduto da Mons. Olaechea. Nell\u2019estate del 1957 parte per Valencia inviata a realizzare studi teologici. Finalmente dopo molti avvenimenti, viagger\u00e0 in modo provvidenziale in Terra Santa. L\u00ec scoprir\u00e0 la spiritualit\u00e0 della Storia della Salvezza. In seguito trover\u00e0 il suo posto nella Chiesa come laica con Kiko Arguello, iniziando insieme il Cammino Neocatecumenale con il Padre Mario.<\/p>\n\n<div style=\"height:30px\" aria-hidden=\"true\" class=\"wp-block-spacer\"><\/div>\n\n<hr class=\"wp-block-separator has-alpha-channel-opacity is-style-wide\"\/>\n\n<p><\/p>\n\n<div style=\"height:30px\" aria-hidden=\"true\" class=\"wp-block-spacer\"><\/div>\n\n<h4 class=\"wp-block-heading has-text-align-center\"><strong>AGREDA<\/strong><\/h4>\n\n<hr class=\"wp-block-separator has-alpha-channel-opacity\"\/>\n\n<h6 class=\"wp-block-heading has-text-align-center\"><strong>Monastero dell&#8217;Immacolata Concezione<\/strong><\/h6>\n\n<div style=\"height:20px\" aria-hidden=\"true\" class=\"wp-block-spacer\"><\/div>\n\n<p>Convento Concezionista fondato da Catalina Arana, madre di Suor Maria de Jes\u00fas (1602-1665), conosciuta come Maria di Agreda. Una delle piu grandi scrittrici mistiche della Chiesa Cattolica (Mistica Ciudad de Dios), mariologa eminentissima che anticipa di tre secoli la definizione &#8211; tra altre &#8211; del dogma dell&#8217;Immacolata Concezione della Vergine Maria. Consigliera del re Filippo IV, con il quale mantenne un&#8217;abbondante relazione epistolare consigliandolo sulla sua vita spirituale e nella sua funzione di governante. Fu anche evangelizzatrice degli indios americani del Nuovo Messico e del Texas senza lasciare Agreda, grazie al dono della bilocazione. Questa monaca del XVII \u00e9 attuale, e ha una parola da dire ancora oggi, per questo \u00e8 consigliabile visitare i suoi monasteri.<\/p>\n\n<p>Carmen Hern\u00e1ndez, fin da bambina conosceva le qualit\u00e0 di questa monaca, e spesso visitava il monastero e il suo museo. Ma fu a Newark (USA) che, conversando con una benefattrice del seminario Redemptoris Mater (1990), Helen Sirola, conobbe la trascendenza evangelizzatrice di suor Maria de Jes\u00fas, la &#8220;donna azzurra&#8221;, e scopr\u00ec la sua figura e le sue virt\u00f9.<\/p>\n\n<div style=\"height:30px\" aria-hidden=\"true\" class=\"wp-block-spacer\"><\/div>\n\n<h6 class=\"wp-block-heading has-text-align-center\"><strong>Basilica Nuestra Se\u00f1ora de los Milagros (Nostra Signora dei Miracoli)<\/strong><\/h6>\n\n<div style=\"height:20px\" aria-hidden=\"true\" class=\"wp-block-spacer\"><\/div>\n\n<p>Tempio costruito nel XVI secolo, dedicato alla Vergine dei Miracoli, Patrona di Villa e Tierra, che accoglie il Fonte Battesimale dove fu battezzata suor Mar\u00eda de Jes\u00fas e che si utilizza ancora oggi.<\/p>\n\n<div style=\"height:30px\" aria-hidden=\"true\" class=\"wp-block-spacer\"><\/div>\n\n<h4 class=\"wp-block-heading has-text-align-center\"><strong>TARAZONA<\/strong><\/h4>\n\n<hr class=\"wp-block-separator has-alpha-channel-opacity\"\/>\n\n<h6 class=\"wp-block-heading has-text-align-center\"><strong>Cattedrale di Santa Maria de la Huerta (Santa Maria dell&#8217;Orto)<\/strong><\/h6>\n\n<div style=\"height:20px\" aria-hidden=\"true\" class=\"wp-block-spacer\"><\/div>\n\n<p>Sede della diocesi di Tarazona raduna un insieme di stili diversi, dal gotico dei secoli del XIII al XV, fino al Rinascimento del XVI secolo arricchito con la tradizione costruttrice del mud\u00e9jar aragonese.<\/p>\n\n<p>Fino alla nuova distribuzione delle provincie diocesane del 1956, Olvega, Tudela e Agreda appartenevano alla diocesi di Tarazona, alla quale Carmen Hern\u00e1ndez era molto vicina perch\u00e9 in questa diocesi aveva ricevuto i sacramenti dell&#8217; iniziazione cristiana, e lo ricordava ai vescovi con i quali conversava.<\/p>\n\n<p>La cattedrale per la sua grande capacit\u00e0 \u00e9 adatta per accogliere i gruppi pi\u00f9 numerosi.<\/p>\n\n<div style=\"height:30px\" aria-hidden=\"true\" class=\"wp-block-spacer\"><\/div>\n\n<hr class=\"wp-block-separator has-alpha-channel-opacity\"\/>\n\n<div class=\"wp-block-columns are-vertically-aligned-center is-layout-flex wp-container-core-columns-is-layout-9d6595d7 wp-block-columns-is-layout-flex\">\n<div class=\"wp-block-column is-vertically-aligned-center is-layout-flow wp-block-column-is-layout-flow\"><div class=\"wp-block-image\">\n<figure class=\"aligncenter size-full\"><a href=\"https:\/\/carmenhernandez.org\/wp-content\/uploads\/docs\/triptico-carmen-hernandez-soria-navarra-it.pdf\"><img loading=\"lazy\" decoding=\"async\" width=\"128\" height=\"128\" src=\"https:\/\/carmenhernandez.org\/wp-content\/uploads\/2021\/11\/icopdf.png\" alt=\"Carmen Hern&#xE1;ndez PDF file download icon\" class=\"wp-image-1293\"\/><\/a><figcaption class=\"wp-element-caption\">Trittico: Soria e Navarra 1<\/figcaption><\/figure>\n<\/div><\/div>\n\n\n\n<div class=\"wp-block-column is-vertically-aligned-center is-layout-flow wp-block-column-is-layout-flow\"><div class=\"wp-block-image\">\n<figure class=\"aligncenter size-full\"><a href=\"https:\/\/carmenhernandez.org\/wp-content\/uploads\/2026\/04\/IT-triptico-carmen-hernandez-soria-navarra2.pdf\"><img loading=\"lazy\" decoding=\"async\" width=\"128\" height=\"128\" src=\"https:\/\/carmenhernandez.org\/wp-content\/uploads\/2021\/11\/icopdf.png\" alt=\"Carmen Hern&#xE1;ndez PDF file download icon\" class=\"wp-image-1293\"\/><\/a><figcaption class=\"wp-element-caption\">Trittico: Soria e Navarra 2<\/figcaption><\/figure>\n<\/div><\/div>\n<\/div>\n\n<div style=\"height:15px\" aria-hidden=\"true\" class=\"wp-block-spacer\"><\/div>\n\n<h6 class=\"wp-block-heading has-text-align-center\"><a href=\"https:\/\/carmenhernandez.org\/it\/contattare\/\" data-type=\"page\" data-id=\"162\">CONTATTARE<\/a><\/h6>\n\n<hr class=\"wp-block-separator has-alpha-channel-opacity\"\/>\n","protected":false},"excerpt":{"rendered":"<p>OLVEGA Carmen nasce a \u00d3lvega (Soria) il 24 novembre 1930. Trascorre la sua infanzia a Tudela (Navarra). Fin da bambina sente la vocazione missionaria sotto l\u2019influenza dello spirito di San Francisco Javier. Studia Scienze chimiche all\u2019Universit\u00e0 di Madrid. Concretizza la sua vocazione missionaria a Javier (Navarra) nell\u2019Istituto delle Missionarie di<\/p>\n<div class=\"belowpost\"><a class=\"btnmore icon-arrow\" href=\"https:\/\/carmenhernandez.org\/it\/carmen-hernandez-soria-e-navarra-spagna\/\"><span>Read More<\/span><\/a><\/div>\n","protected":false},"author":3,"featured_media":2254,"comment_status":"closed","ping_status":"open","sticky":false,"template":"","format":"standard","meta":{"footnotes":""},"categories":[20,130],"tags":[],"class_list":["post-2332","post","type-post","status-publish","format-standard","has-post-thumbnail","hentry","category-beatificazione","category-pellegrinaggi"],"_links":{"self":[{"href":"https:\/\/carmenhernandez.org\/it\/wp-json\/wp\/v2\/posts\/2332","targetHints":{"allow":["GET"]}}],"collection":[{"href":"https:\/\/carmenhernandez.org\/it\/wp-json\/wp\/v2\/posts"}],"about":[{"href":"https:\/\/carmenhernandez.org\/it\/wp-json\/wp\/v2\/types\/post"}],"author":[{"embeddable":true,"href":"https:\/\/carmenhernandez.org\/it\/wp-json\/wp\/v2\/users\/3"}],"replies":[{"embeddable":true,"href":"https:\/\/carmenhernandez.org\/it\/wp-json\/wp\/v2\/comments?post=2332"}],"version-history":[{"count":12,"href":"https:\/\/carmenhernandez.org\/it\/wp-json\/wp\/v2\/posts\/2332\/revisions"}],"predecessor-version":[{"id":5793,"href":"https:\/\/carmenhernandez.org\/it\/wp-json\/wp\/v2\/posts\/2332\/revisions\/5793"}],"wp:featuredmedia":[{"embeddable":true,"href":"https:\/\/carmenhernandez.org\/it\/wp-json\/wp\/v2\/media\/2254"}],"wp:attachment":[{"href":"https:\/\/carmenhernandez.org\/it\/wp-json\/wp\/v2\/media?parent=2332"}],"wp:term":[{"taxonomy":"category","embeddable":true,"href":"https:\/\/carmenhernandez.org\/it\/wp-json\/wp\/v2\/categories?post=2332"},{"taxonomy":"post_tag","embeddable":true,"href":"https:\/\/carmenhernandez.org\/it\/wp-json\/wp\/v2\/tags?post=2332"}],"curies":[{"name":"wp","href":"https:\/\/api.w.org\/{rel}","templated":true}]}}