{"id":5108,"date":"2024-07-19T14:42:08","date_gmt":"2024-07-19T14:42:08","guid":{"rendered":"https:\/\/carmenhernandez.org\/osma-rocznica-dies-natalis-carmen-hernandez\/"},"modified":"2024-07-23T16:08:01","modified_gmt":"2024-07-23T16:08:01","slug":"osma-rocznica-dies-natalis-carmen-hernandez","status":"publish","type":"post","link":"https:\/\/carmenhernandez.org\/pl\/osma-rocznica-dies-natalis-carmen-hernandez\/","title":{"rendered":"\u00d3sma rocznica \u201eDIES NATALIS\u201d Carmen Hern\u00e1ndez"},"content":{"rendered":"\n<div style=\"height:20px\" aria-hidden=\"true\" class=\"wp-block-spacer\"><\/div>\n<div class=\"wp-block-image hide-large-screen\">\n<figure class=\"aligncenter size-large\"><img loading=\"lazy\" decoding=\"async\" width=\"1024\" height=\"692\" src=\"https:\/\/carmenhernandez.org\/wp-content\/uploads\/2024\/07\/carmen-hernandez-camino-neocatecumenal-israel-octavo-aniversario-dies-natalis-1024x692.png\" alt=\"\" class=\"wp-image-4993\" srcset=\"https:\/\/carmenhernandez.org\/wp-content\/uploads\/2024\/07\/carmen-hernandez-camino-neocatecumenal-israel-octavo-aniversario-dies-natalis-1024x692.png 1024w, https:\/\/carmenhernandez.org\/wp-content\/uploads\/2024\/07\/carmen-hernandez-camino-neocatecumenal-israel-octavo-aniversario-dies-natalis-300x203.png 300w, https:\/\/carmenhernandez.org\/wp-content\/uploads\/2024\/07\/carmen-hernandez-camino-neocatecumenal-israel-octavo-aniversario-dies-natalis-768x519.png 768w, https:\/\/carmenhernandez.org\/wp-content\/uploads\/2024\/07\/carmen-hernandez-camino-neocatecumenal-israel-octavo-aniversario-dies-natalis.png 1480w\" sizes=\"auto, (max-width: 1024px) 100vw, 1024px\" \/><\/figure>\n<\/div>\n<div style=\"height:30px\" aria-hidden=\"true\" class=\"wp-block-spacer\"><\/div>\n\n<p>Z okazji \u00f3smej rocznicy \u201edies natalis\u201d <strong>S\u0142ugi Bo\u017cej Carmen Hern\u00e1ndez<\/strong>, bracia z Drogi i inni wierni jednocz\u0105 si\u0119 w modlitwie celebruj\u0105c Eucharysti\u0119 o wieczny odpoczynek jej duszy. Dzi\u0119kujemy Bogu za to, \u017ce wraz z Kiko Arg\u00fcello wybra\u0142 Carmen na inicjatork\u0119 Drogi Neokatechumenalnej i \u017cyczymy jej rych\u0142ej kanonizacji.<\/p>\n\n<p>W dniu 19 listopada 2024 r. w Teatro Verdi w Trie\u015bcie Kiko Arg\u00fcello zaprezentowa\u0142 <strong>EL MES\u00cdAS<\/strong>, swoje drugie dzie\u0142o symfoniczne, to poemat symfoniczny na fortepian, ch\u00f3r i orkiestr\u0119, po\u015bwi\u0119cony m\u0119czennikom.<\/p>\n\n<div style=\"height:30px\" aria-hidden=\"true\" class=\"wp-block-spacer\"><\/div>\n\n<div class=\"wp-block-buttons is-content-justification-center is-layout-flex wp-container-core-buttons-is-layout-16018d1d wp-block-buttons-is-layout-flex\">\n<div class=\"wp-block-button\"><a class=\"wp-block-button__link has-text-align-center wp-element-button\" href=\"https:\/\/neocatechumenaleiter.org\/pl\/mesjasz-autorstwa-kiko-arguello\/\" target=\"_blank\" rel=\"noreferrer noopener\">Mesjasz autorstwa Kiko Arg\u00fcello<\/a><\/div>\n<\/div>\n\n<div style=\"height:30px\" aria-hidden=\"true\" class=\"wp-block-spacer\"><\/div>\n\n<p>Trzy epizody Historii Zbawienia w muzyce, tryptyk o m\u0119ce i cierpieniu Chrystusa w wykonaniu Orkiestry Drogi Neokatechumenalnej pod dyrekcj\u0105 Tom\u00e1\u0161a Hanusa. <\/p>\n\n<p>Oddaj\u0105c swoje artystyczne powo\u0142anie w s\u0142u\u017cbie Ko\u015bcio\u0142owi i \u015bwiatu, Kiko kontynuuje g\u0142oszenie Chrystusa wsp\u00f3\u0142czesnemu cz\u0142owiekowi poprzez pi\u0119kno muzyki, uniwersalnego j\u0119zyka, kt\u00f3ry unosi ducha ku Bogu. Poniewa\u017c sztuka jest uprzywilejowanym kana\u0142em objawienia mi\u0142o\u015bci i narz\u0119dziem nowej ewangelizacji, Kiko zaproponowa\u0142 \u201e<strong>EL MES\u00cdAS<\/strong>\u201d Rai5, kana\u0142owi telewizyjnemu <strong>Rai Cultura<\/strong> po\u015bwi\u0119conemu muzyce i sztuce.<\/p>\n\n<div style=\"height:30px\" aria-hidden=\"true\" class=\"wp-block-spacer\"><\/div>\n<div class=\"wp-block-image\">\n<figure class=\"aligncenter size-large\"><img loading=\"lazy\" decoding=\"async\" width=\"975\" height=\"1024\" src=\"https:\/\/carmenhernandez.org\/wp-content\/uploads\/2024\/07\/camino-neocatecumenal-sinfonia-el-mesias-kiko-arguello-trieste-italia-programa-portada-975x1024.jpg\" alt=\"\" class=\"wp-image-5011\" srcset=\"https:\/\/carmenhernandez.org\/wp-content\/uploads\/2024\/07\/camino-neocatecumenal-sinfonia-el-mesias-kiko-arguello-trieste-italia-programa-portada-975x1024.jpg 975w, https:\/\/carmenhernandez.org\/wp-content\/uploads\/2024\/07\/camino-neocatecumenal-sinfonia-el-mesias-kiko-arguello-trieste-italia-programa-portada-286x300.jpg 286w, https:\/\/carmenhernandez.org\/wp-content\/uploads\/2024\/07\/camino-neocatecumenal-sinfonia-el-mesias-kiko-arguello-trieste-italia-programa-portada-768x806.jpg 768w, https:\/\/carmenhernandez.org\/wp-content\/uploads\/2024\/07\/camino-neocatecumenal-sinfonia-el-mesias-kiko-arguello-trieste-italia-programa-portada.jpg 1200w\" sizes=\"auto, (max-width: 975px) 100vw, 975px\" \/><\/figure>\n<\/div>\n<div style=\"height:30px\" aria-hidden=\"true\" class=\"wp-block-spacer\"><\/div>\n\n<p>Dyrektor <strong>Rai5<\/strong>, b\u0119d\u0105c pod wra\u017ceniem intensywno\u015bci, dramatyzmu i ekspresyjnej si\u0142y muzyki, zaproponowa\u0142 w\u0142\u0105czenie jej do ram\u00f3wki telewizyjnej i zdecydowa\u0142 si\u0119 nada\u0107 \u201e<strong>EL MES\u00cdAS\u201d w pi\u0105tek 19 lipca o 18:40.<\/strong><\/p>\n\n<p>Pan jak zawsze nas zaskakuje: uwa\u017camy to za dar, aby lepiej uczci\u0107 \u00f3sm\u0105 rocznic\u0119 \u015bmierci Carmen Hern\u00e1ndez.<\/p>\n\n<div style=\"height:30px\" aria-hidden=\"true\" class=\"wp-block-spacer\"><\/div>\n\n<hr class=\"wp-block-separator has-alpha-channel-opacity\"\/>\n\n<h5 class=\"wp-block-heading has-text-align-center\"><strong>Aby ogl\u0105da\u0107 EL MES\u00cdAS w Rai5 w dniu 19 lipca o 6.40 p.m.<\/strong><\/h5>\n\n<div style=\"height:30px\" aria-hidden=\"true\" class=\"wp-block-spacer\"><\/div>\n\n<p>W\u0142ochy: aby obejrze\u0107 koncert na RAI5, kana\u0142 naziemnej telewizji cyfrowej to kana\u0142 23.<\/p>\n\n<p>W\u0142ochy i zagranica: aby obejrze\u0107 koncert w strumieniowej transmisji wideo na \u017cywo, nale\u017cy uzyska\u0107 dost\u0119p do platformy RaiPlay, \u0142\u0105cz\u0105c si\u0119 z komputera, smartfona, tabletu lub telewizora Smart TV ze stron\u0105 www.raiplay.it i wybieraj\u0105c kana\u0142 Rai5.<\/p>\n\n<div style=\"height:30px\" aria-hidden=\"true\" class=\"wp-block-spacer\"><\/div>\n\n<div class=\"wp-block-buttons is-content-justification-center is-layout-flex wp-container-core-buttons-is-layout-16018d1d wp-block-buttons-is-layout-flex\">\n<div class=\"wp-block-button is-style-outline is-style-outline--1\"><a class=\"wp-block-button__link has-text-align-center wp-element-button\" href=\"https:\/\/www.raiplay.it\/dirette\/rai5\/El-Mesias-e471ff80-c5f0-4967-8fb4-1148758c7eab.html?wt_mc=2.www.cpy.raiplay_dir_ElMesias.\" target=\"_blank\" rel=\"noreferrer noopener\">RAIPLAY.IT<\/a><\/div>\n<\/div>\n\n<div style=\"height:30px\" aria-hidden=\"true\" class=\"wp-block-spacer\"><\/div>\n\n<p>Po emisji 19 lipca EL MES\u00cdAS mo\u017cna ogl\u0105da\u0107 przez 7 dni za po\u015brednictwem TV\/Replay. Po up\u0142ywie 7 dni b\u0119dzie mo\u017cna obejrze\u0107 go ponownie do 31.12.2024 r. na platformie Raiplay, wpisuj\u0105c EL MES\u00cdAS w SEARCH. <\/p>\n\n<hr class=\"wp-block-separator has-alpha-channel-opacity is-style-wide\"\/>\n","protected":false},"excerpt":{"rendered":"<p>Z okazji \u00f3smej rocznicy \u201edies natalis\u201d S\u0142ugi Bo\u017cej Carmen Hern\u00e1ndez, bracia z Drogi i inni wierni jednocz\u0105 si\u0119 w modlitwie celebruj\u0105c Eucharysti\u0119 o wieczny odpoczynek jej duszy. Dzi\u0119kujemy Bogu za to, \u017ce wraz z Kiko Arg\u00fcello wybra\u0142 Carmen na inicjatork\u0119 Drogi Neokatechumenalnej i \u017cyczymy jej rych\u0142ej kanonizacji. W dniu 19<\/p>\n<div class=\"belowpost\"><a class=\"btnmore icon-arrow\" href=\"https:\/\/carmenhernandez.org\/pl\/osma-rocznica-dies-natalis-carmen-hernandez\/\"><span>Read More<\/span><\/a><\/div>\n","protected":false},"author":3,"featured_media":4999,"comment_status":"closed","ping_status":"closed","sticky":false,"template":"","format":"standard","meta":{"footnotes":""},"categories":[24],"tags":[],"class_list":["post-5108","post","type-post","status-publish","format-standard","has-post-thumbnail","hentry","category-bez-kategorii"],"_links":{"self":[{"href":"https:\/\/carmenhernandez.org\/pl\/wp-json\/wp\/v2\/posts\/5108","targetHints":{"allow":["GET"]}}],"collection":[{"href":"https:\/\/carmenhernandez.org\/pl\/wp-json\/wp\/v2\/posts"}],"about":[{"href":"https:\/\/carmenhernandez.org\/pl\/wp-json\/wp\/v2\/types\/post"}],"author":[{"embeddable":true,"href":"https:\/\/carmenhernandez.org\/pl\/wp-json\/wp\/v2\/users\/3"}],"replies":[{"embeddable":true,"href":"https:\/\/carmenhernandez.org\/pl\/wp-json\/wp\/v2\/comments?post=5108"}],"version-history":[{"count":7,"href":"https:\/\/carmenhernandez.org\/pl\/wp-json\/wp\/v2\/posts\/5108\/revisions"}],"predecessor-version":[{"id":5123,"href":"https:\/\/carmenhernandez.org\/pl\/wp-json\/wp\/v2\/posts\/5108\/revisions\/5123"}],"wp:featuredmedia":[{"embeddable":true,"href":"https:\/\/carmenhernandez.org\/pl\/wp-json\/wp\/v2\/media\/4999"}],"wp:attachment":[{"href":"https:\/\/carmenhernandez.org\/pl\/wp-json\/wp\/v2\/media?parent=5108"}],"wp:term":[{"taxonomy":"category","embeddable":true,"href":"https:\/\/carmenhernandez.org\/pl\/wp-json\/wp\/v2\/categories?post=5108"},{"taxonomy":"post_tag","embeddable":true,"href":"https:\/\/carmenhernandez.org\/pl\/wp-json\/wp\/v2\/tags?post=5108"}],"curies":[{"name":"wp","href":"https:\/\/api.w.org\/{rel}","templated":true}]}}