{"id":2688,"date":"2022-08-19T16:11:41","date_gmt":"2022-08-19T16:11:41","guid":{"rendered":"https:\/\/carmenhernandez.org\/?p=2688"},"modified":"2022-08-19T16:18:09","modified_gmt":"2022-08-19T16:18:09","slug":"apresentacao-do-livro-carmen-hernandez-notas-biograficas-brasil","status":"publish","type":"post","link":"https:\/\/carmenhernandez.org\/pt-br\/apresentacao-do-livro-carmen-hernandez-notas-biograficas-brasil\/","title":{"rendered":"Apresenta\u00e7\u00e3o do livro Carmen Hernandez Notas Biogr\u00e1ficas \u2013 Brasil"},"content":{"rendered":"<div class=\"wp-block-image\">\n<figure class=\"aligncenter size-full\"><a href=\"https:\/\/carmenhernandez.org\/pt-br\/notas-biograficas-carmen-hernandez\/\"><img loading=\"lazy\" decoding=\"async\" width=\"285\" height=\"427\" src=\"https:\/\/carmenhernandez.org\/wp-content\/uploads\/2021\/12\/camino-neocatechumenal-notas-biograficas-carmen-hernandez-aquilino-cayuela-es-2.jpg\" alt=\"Carmen Hern\u00e1ndez - Notas Biogr\u00e1ficas \" class=\"wp-image-1732\" srcset=\"https:\/\/carmenhernandez.org\/wp-content\/uploads\/2021\/12\/camino-neocatechumenal-notas-biograficas-carmen-hernandez-aquilino-cayuela-es-2.jpg 285w, https:\/\/carmenhernandez.org\/wp-content\/uploads\/2021\/12\/camino-neocatechumenal-notas-biograficas-carmen-hernandez-aquilino-cayuela-es-2-200x300.jpg 200w\" sizes=\"auto, (max-width: 285px) 100vw, 285px\" \/><\/a><\/figure>\n<\/div>\n\n\n<h4 class=\"has-text-align-center wp-block-heading\">19\/08\/2022 \u2013 19:00 H. (GMT -3)<br>BRASIL<\/h4>\n\n\n\n<div align=\"center\"><figure class=\"wp-block-embed is-type-video is-provider-youtube wp-block-embed-youtube wp-embed-aspect-16-9 wp-has-aspect-ratio\"><div class=\"wp-block-embed__wrapper\">\n<iframe loading=\"lazy\" title=\"Lan\u00e7amento no Brasil: Carmen Hern\u00e1ndez \u2013 Notas Biogr\u00e1ficas\" width=\"1000\" height=\"563\" src=\"https:\/\/www.youtube.com\/embed\/GkSe88SVTNY?feature=oembed\" frameborder=\"0\" allow=\"accelerometer; autoplay; clipboard-write; encrypted-media; gyroscope; picture-in-picture\" allowfullscreen><\/iframe>\n<\/div><\/figure><\/div>\n","protected":false},"excerpt":{"rendered":"<p>19\/08\/2022 \u2013 19:00 H. (GMT -3)BRASIL<\/p>\n","protected":false},"author":3,"featured_media":728,"comment_status":"closed","ping_status":"closed","sticky":false,"template":"","format":"standard","meta":{"footnotes":""},"categories":[25],"tags":[],"class_list":["post-2688","post","type-post","status-publish","format-standard","has-post-thumbnail","hentry","category-beatificacao"],"_links":{"self":[{"href":"https:\/\/carmenhernandez.org\/pt-br\/wp-json\/wp\/v2\/posts\/2688","targetHints":{"allow":["GET"]}}],"collection":[{"href":"https:\/\/carmenhernandez.org\/pt-br\/wp-json\/wp\/v2\/posts"}],"about":[{"href":"https:\/\/carmenhernandez.org\/pt-br\/wp-json\/wp\/v2\/types\/post"}],"author":[{"embeddable":true,"href":"https:\/\/carmenhernandez.org\/pt-br\/wp-json\/wp\/v2\/users\/3"}],"replies":[{"embeddable":true,"href":"https:\/\/carmenhernandez.org\/pt-br\/wp-json\/wp\/v2\/comments?post=2688"}],"version-history":[{"count":3,"href":"https:\/\/carmenhernandez.org\/pt-br\/wp-json\/wp\/v2\/posts\/2688\/revisions"}],"predecessor-version":[{"id":2692,"href":"https:\/\/carmenhernandez.org\/pt-br\/wp-json\/wp\/v2\/posts\/2688\/revisions\/2692"}],"wp:featuredmedia":[{"embeddable":true,"href":"https:\/\/carmenhernandez.org\/pt-br\/wp-json\/wp\/v2\/media\/728"}],"wp:attachment":[{"href":"https:\/\/carmenhernandez.org\/pt-br\/wp-json\/wp\/v2\/media?parent=2688"}],"wp:term":[{"taxonomy":"category","embeddable":true,"href":"https:\/\/carmenhernandez.org\/pt-br\/wp-json\/wp\/v2\/categories?post=2688"},{"taxonomy":"post_tag","embeddable":true,"href":"https:\/\/carmenhernandez.org\/pt-br\/wp-json\/wp\/v2\/tags?post=2688"}],"curies":[{"name":"wp","href":"https:\/\/api.w.org\/{rel}","templated":true}]}}