{"id":875,"date":"2021-07-19T18:48:12","date_gmt":"2021-07-19T18:48:12","guid":{"rendered":"https:\/\/carmenhernandez.org\/notas-biograficas-carmen-hernandez\/"},"modified":"2022-08-19T16:38:56","modified_gmt":"2022-08-19T16:38:56","slug":"notas-biograficas-carmen-hernandez","status":"publish","type":"post","link":"https:\/\/carmenhernandez.org\/pt-br\/notas-biograficas-carmen-hernandez\/","title":{"rendered":"Notas Biogr\u00e1ficas \u2013 Carmen Hern\u00e1ndez"},"content":{"rendered":"\n<div style=\"height:20px\" aria-hidden=\"true\" class=\"wp-block-spacer\"><\/div>\n\n<figure class=\"wp-block-image size-full hide-large-screen\"><img loading=\"lazy\" decoding=\"async\" width=\"823\" height=\"1000\" src=\"https:\/\/carmenhernandez.org\/wp-content\/uploads\/2021\/06\/carmen-hernandez-camino-neocatecumenal-israel-einkarem.jpg\" alt=\"Carmen Hern&#xE1;ndez 1964 en Ein Karem\" class=\"wp-image-728\" srcset=\"https:\/\/carmenhernandez.org\/wp-content\/uploads\/2021\/06\/carmen-hernandez-camino-neocatecumenal-israel-einkarem.jpg 823w, https:\/\/carmenhernandez.org\/wp-content\/uploads\/2021\/06\/carmen-hernandez-camino-neocatecumenal-israel-einkarem-247x300.jpg 247w, https:\/\/carmenhernandez.org\/wp-content\/uploads\/2021\/06\/carmen-hernandez-camino-neocatecumenal-israel-einkarem-768x933.jpg 768w\" sizes=\"auto, (max-width: 823px) 100vw, 823px\" \/><\/figure>\n\n<div style=\"height:20px\" aria-hidden=\"true\" class=\"wp-block-spacer\"><\/div>\n\n<div class=\"wp-block-image\"><figure class=\"alignleft size-full\"><img loading=\"lazy\" decoding=\"async\" width=\"193\" height=\"300\" src=\"https:\/\/carmenhernandez.org\/wp-content\/uploads\/2021\/08\/camino-neocatechumenal-notas-biograficas-carmen-hernandez-aquilino-cayuela.png\" alt=\"Notas Biogr&#xE1;ficas &#x2013; Carmen Hern&#xE1;ndez\" class=\"wp-image-773\"\/><\/figure><\/div>\n\n<p>Nestas notas biogr\u00e1ficas voc\u00eas ver\u00e3o uma mulher excepcional, important\u00edssima para a Igreja, enamorada de Cristo, da Escritura e da Eucaristia. Tinha uma clara consci\u00eancia de que a miss\u00e3o que Deus lhe havia dado era de apoiar-me, defender-me e corrigir-me, pelo bem do Caminho Neocatecumenal. Bendigo a Deus por Carmen, que sempre me disse a verdade, constantemente. Era uma mulher profunda, aut\u00eantica e livre em sua rela\u00e7\u00e3o com todos. Era muito inteligente. Amava Cristo e a Igreja e o Papa, acima de tudo. Cremos que Carmen est\u00e1 com o Senhor, est\u00e1 na festa. Estas notas biogr\u00e1ficas n\u00e3o s\u00e3o apenas para os irm\u00e3os do Caminho, mas para toda a Igreja, para dar a conhecer uma mulher extraordin\u00e1ria, que viveu a f\u00e9 em grau heroico. Carmen Hern\u00e1ndez! (Kiko Arg\u00fcello).<\/p>\n\n<p><strong>Publica-se a primeira biografia oficial de Carmen Hern\u00e1ndez<\/strong>. O quinto anivers\u00e1rio do falecimento de Carmen Hern\u00e1ndez, 19 de julho de 2021, ocorre simultaneamente com a publica\u00e7\u00e3o de sua primeira biografia oficial, cujo autor \u00e9 o professor e doutor em Filosofia Aquilino Cayuela, editada pela <a rel=\"noreferrer noopener\" href=\"http:\/\/bac-editorial.es\/es\/maior\/1787-carmen-hernandez-notas-biograficas-cartone.html?search_query=carmen+hernandez&amp;results=3\" target=\"_blank\">Biblioteca de Autores Cristianos (BAC)<\/a>.<\/p>\n\n<div class=\"wp-block-buttons is-layout-flex wp-block-buttons-is-layout-flex\">\n<div class=\"wp-block-button is-style-fill\"><a class=\"wp-block-button__link has-white-color has-black-background-color has-text-color has-background\" href=\"https:\/\/cn.org.br\/portal\/livros\/\" target=\"_blank\" rel=\"noreferrer noopener\">Comprar<\/a><\/div>\n<\/div>\n\n<div style=\"height:20px\" aria-hidden=\"true\" class=\"wp-block-spacer\"><\/div>\n\n<hr class=\"wp-block-separator is-style-wide\"\/>\n","protected":false},"excerpt":{"rendered":"<p>Nestas notas biogr\u00e1ficas voc\u00eas ver\u00e3o uma mulher excepcional, important\u00edssima para a Igreja, enamorada de Cristo, da Escritura e da Eucaristia. Tinha uma clara consci\u00eancia de que a miss\u00e3o que Deus lhe havia dado era de apoiar-me, defender-me e corrigir-me, pelo bem do Caminho Neocatecumenal. Bendigo a Deus por Carmen, que<\/p>\n<div class=\"belowpost\"><a class=\"btnmore icon-arrow\" href=\"https:\/\/carmenhernandez.org\/pt-br\/notas-biograficas-carmen-hernandez\/\"><span>Read More<\/span><\/a><\/div>\n","protected":false},"author":3,"featured_media":728,"comment_status":"closed","ping_status":"open","sticky":false,"template":"","format":"standard","meta":{"footnotes":""},"categories":[25],"tags":[],"class_list":["post-875","post","type-post","status-publish","format-standard","has-post-thumbnail","hentry","category-beatificacao"],"_links":{"self":[{"href":"https:\/\/carmenhernandez.org\/pt-br\/wp-json\/wp\/v2\/posts\/875","targetHints":{"allow":["GET"]}}],"collection":[{"href":"https:\/\/carmenhernandez.org\/pt-br\/wp-json\/wp\/v2\/posts"}],"about":[{"href":"https:\/\/carmenhernandez.org\/pt-br\/wp-json\/wp\/v2\/types\/post"}],"author":[{"embeddable":true,"href":"https:\/\/carmenhernandez.org\/pt-br\/wp-json\/wp\/v2\/users\/3"}],"replies":[{"embeddable":true,"href":"https:\/\/carmenhernandez.org\/pt-br\/wp-json\/wp\/v2\/comments?post=875"}],"version-history":[{"count":3,"href":"https:\/\/carmenhernandez.org\/pt-br\/wp-json\/wp\/v2\/posts\/875\/revisions"}],"predecessor-version":[{"id":2694,"href":"https:\/\/carmenhernandez.org\/pt-br\/wp-json\/wp\/v2\/posts\/875\/revisions\/2694"}],"wp:featuredmedia":[{"embeddable":true,"href":"https:\/\/carmenhernandez.org\/pt-br\/wp-json\/wp\/v2\/media\/728"}],"wp:attachment":[{"href":"https:\/\/carmenhernandez.org\/pt-br\/wp-json\/wp\/v2\/media?parent=875"}],"wp:term":[{"taxonomy":"category","embeddable":true,"href":"https:\/\/carmenhernandez.org\/pt-br\/wp-json\/wp\/v2\/categories?post=875"},{"taxonomy":"post_tag","embeddable":true,"href":"https:\/\/carmenhernandez.org\/pt-br\/wp-json\/wp\/v2\/tags?post=875"}],"curies":[{"name":"wp","href":"https:\/\/api.w.org\/{rel}","templated":true}]}}